{"id":30499,"date":"2008-02-26T22:44:43","date_gmt":"2008-02-26T22:44:43","guid":{"rendered":"http:\/\/archiv.szolnoktv.hu\/?p=30499"},"modified":"2021-11-17T11:36:27","modified_gmt":"2021-11-17T11:36:27","slug":"szuressel-az-eletert","status":"publish","type":"post","link":"http:\/\/archiv.szolnoktv.hu\/?p=30499","title":{"rendered":"Sz\u0171r\u00e9ssel az \u00e9let\u00e9rt"},"content":{"rendered":"<div class='booster-block booster-read-block'><\/div><p>SZ\u00c9P, azaz Sz\u0171r\u00e9ssel az \u00c9let\u00e9rt Program. M\u00e1rcius 16-\u00e1n a Tiszaligeti K\u00f6rcsarnokban rendezik a n\u00e9pszer\u0171 eg\u00e9szs\u00e9gmeg\u0151rz\u0151 napot. A SZ\u00c9P nap\u00e9rt a szolnoki f\u0151iskol\u00e1sok kamp\u00e1nyolnak, feladatuk nem m\u00e1s minthogy min\u00e9l t\u00f6bb szolnokit elcsaljanak a rendezv\u00e9nyre. A hallgat\u00f3kb\u00f3l verbuv\u00e1l\u00f3dott csapatok Keleti Andrea \u00e9s G\u00f6nczi G\u00e1bor tiszeteletbeli kapit\u00e1nyok vezet\u00e9s\u00e9vel ma egyeztettek arr\u00f3l: hogyan tudn\u00e1nak min\u00e9l t\u00f6bb helyb\u00e9lit elcs\u00e1b\u00edtani az eg\u00e9szs\u00e9gmeg\u0151rz\u0151 napra.<br \/>\nA korm\u00e1ny els\u0151sorban a magyar lakoss\u00e1g tudatform\u00e1l\u00e1sa c\u00e9lj\u00e1b\u00f3l h\u00edvta \u00e9letre a Sz\u0171r\u00e9ssel az \u00c9let\u00e9rt programot. A rendezv\u00e9ny k\u00fcldet\u00e9se, hogy az emberek felismerj\u00e9k: eg\u00e9szs\u00e9g\u00fck meg\u0151rz\u00e9se els\u0151sorban rajtuk m\u00falik, saj\u00e1t felel\u0151ss\u00e9g\u00fck. A Sz\u00c9P napot a megyesz\u00e9khelyen a Szolnoki F\u0151iskol\u00e1sok n\u00e9pszer\u0171s\u00edtik. A hallgat\u00f3k feladata, hogy min\u00e9l t\u00f6bb k\u00f6rny\u00e9kbelit meggy\u0151zzenek a sz\u0171r\u0151vizsg\u00e1latok fontoss\u00e1g\u00e1r\u00f3l. A hallgat\u00f3k k\u00e9t csapatra oszlanak, az egyik csapat kapit\u00e1nya G\u00f6nczi G\u00e1bor lesz. A n\u00e9pszer\u0171 t\u00e9v\u00e9s beismerte: \u0151 sem volt mindig eg\u00e9szs\u00e9gtudatos, \u00e1m \u00e9vekkel ezel\u0151tt v\u00e1ltoz\u00e1s t\u00f6rt\u00e9nt az \u00e9let\u00e9ben \u00e9s az\u00f3ta vigy\u00e1z mag\u00e1ra.  m\u00e1sik csapatot Keleti Andrea vezeti. A Sz\u0171r\u00e9ssel az \u00c9let\u00e9rt Program m\u00e1rcius 16-\u00e1n lesz a Tiszaligeti K\u00f6rcsarnokban. <\/p>\n","protected":false},"excerpt":{"rendered":"<p>SZ\u00c9P, azaz Sz\u0171r\u00e9ssel az \u00c9let\u00e9rt Program. M\u00e1rcius 16-\u00e1n a Tiszaligeti K\u00f6rcsarnokban rendezik a n\u00e9pszer\u0171 eg\u00e9szs\u00e9gmeg\u0151rz\u0151 napot. A SZ\u00c9P nap\u00e9rt a szolnoki f\u0151iskol\u00e1sok kamp\u00e1nyolnak, feladatuk nem m\u00e1s minthogy min\u00e9l t\u00f6bb szolnokit elcsaljanak a rendezv\u00e9nyre. A hallgat\u00f3kb\u00f3l verbuv\u00e1l\u00f3dott csapatok Keleti Andrea \u00e9s G\u00f6nczi G\u00e1bor tiszeteletbeli kapit\u00e1nyok vezet\u00e9s\u00e9vel ma egyeztettek arr\u00f3l: hogyan tudn\u00e1nak min\u00e9l t\u00f6bb helyb\u00e9lit elcs\u00e1b\u00edtani az [&hellip;]<\/p>\n","protected":false},"author":2,"featured_media":0,"comment_status":"open","ping_status":"open","sticky":false,"template":"","format":"standard","meta":[],"categories":[24],"tags":[],"_links":{"self":[{"href":"http:\/\/archiv.szolnoktv.hu\/index.php?rest_route=\/wp\/v2\/posts\/30499"}],"collection":[{"href":"http:\/\/archiv.szolnoktv.hu\/index.php?rest_route=\/wp\/v2\/posts"}],"about":[{"href":"http:\/\/archiv.szolnoktv.hu\/index.php?rest_route=\/wp\/v2\/types\/post"}],"author":[{"embeddable":true,"href":"http:\/\/archiv.szolnoktv.hu\/index.php?rest_route=\/wp\/v2\/users\/2"}],"replies":[{"embeddable":true,"href":"http:\/\/archiv.szolnoktv.hu\/index.php?rest_route=%2Fwp%2Fv2%2Fcomments&post=30499"}],"version-history":[{"count":1,"href":"http:\/\/archiv.szolnoktv.hu\/index.php?rest_route=\/wp\/v2\/posts\/30499\/revisions"}],"predecessor-version":[{"id":30548,"href":"http:\/\/archiv.szolnoktv.hu\/index.php?rest_route=\/wp\/v2\/posts\/30499\/revisions\/30548"}],"wp:attachment":[{"href":"http:\/\/archiv.szolnoktv.hu\/index.php?rest_route=%2Fwp%2Fv2%2Fmedia&parent=30499"}],"wp:term":[{"taxonomy":"category","embeddable":true,"href":"http:\/\/archiv.szolnoktv.hu\/index.php?rest_route=%2Fwp%2Fv2%2Fcategories&post=30499"},{"taxonomy":"post_tag","embeddable":true,"href":"http:\/\/archiv.szolnoktv.hu\/index.php?rest_route=%2Fwp%2Fv2%2Ftags&post=30499"}],"curies":[{"name":"wp","href":"https:\/\/api.w.org\/{rel}","templated":true}]}}