{"id":30498,"date":"2008-02-26T22:43:41","date_gmt":"2008-02-26T22:43:41","guid":{"rendered":"http:\/\/archiv.szolnoktv.hu\/?p=30498"},"modified":"2021-11-17T11:36:27","modified_gmt":"2021-11-17T11:36:27","slug":"parlagfu-5","status":"publish","type":"post","link":"http:\/\/archiv.szolnoktv.hu\/?p=30498","title":{"rendered":"Parlagf\u0171"},"content":{"rendered":"<div class='booster-block booster-read-block'><\/div><p>Ism\u00e9t lehet p\u00e1ly\u00e1zni parlagf\u0171irt\u00e1sra. A megyei Parlagf\u0171-mentes\u00edt\u00e9si Alaphoz eddig 45 telep\u00fcl\u00e9s csatlakozott; ezzel 5 milli\u00f3 forint ker\u00fclt a t\u00e1mogat\u00e1si alapba.<br \/>\nId\u00e9n is lehet p\u00e1ly\u00e1zni a Parlagf\u0171-mentes\u00edt\u00e9si Alapra. A J\u00e1sz-Nagykun-Szolnok Megyei \u00d6nkorm\u00e1nyzat tavaly 55 \u00f6nkorm\u00e1nyzat p\u00e9nz\u00fcgyi hozz\u00e1j\u00e1rul\u00e1s\u00e1val hozta l\u00e9tre az Alapot. A telep\u00fcl\u00e9sek \u00e9s az \u00f6nkorm\u00e1nyzat egy\u00fcttesen t\u00f6bb mint 6.675.000 forintot adtak \u00f6ssze, melyb\u0151l a 2007-es parlagf\u0171 mentes\u00edt\u00e9si akci\u00f3kat t\u00e1mogatt\u00e1k. A megyei \u00f6nkorm\u00e1nyzat id\u00e9n is l\u00e9trehozza a Parlagf\u0171-mentes\u00edt\u00e9si Alapot, \u00edgy a telep\u00fcl\u00e9sek \u00f6nkorm\u00e1nyzatai ism\u00e9t csatlakozhatnak lakosonk\u00e9nt 10 forinttal. Eddig 45 telep\u00fcl\u00e9s jelezte sz\u00e1nd\u00e9k\u00e1t, ezzel az allerg\u00e9n n\u00f6v\u00e9ny elleni akci\u00f3kra adhat\u00f3 idei t\u00e1mogat\u00e1s \u00f6sszege egyel\u0151re 5.000.000 forint. Ez ak\u00e1r 8 milli\u00f3ra is n\u0151het, ha minden \u00f6nkorm\u00e1nyzat besz\u00e1ll az Alapba m\u00e1jus 10-ig. A r\u00e9sztvev\u0151 telep\u00fcl\u00e9sek \u00f6nkorm\u00e1nyzatai, oktat\u00e1si int\u00e9zm\u00e9nyei, k\u00f6rnyezetv\u00e9delemmel kapcsolatos tev\u00e9kenys\u00e9get folytat\u00f3 civil szervezetei \u00e9s v\u00e1llalkoz\u00e1sai m\u00e1r p\u00e1ly\u00e1zhatnak az eddig \u00f6sszegy\u0171lt 5 milli\u00f3 forintos keretb\u0151l. A t\u00e1mogat\u00e1s parlagf\u0171-mentes\u00edt\u00e9si programok szervez\u00e9s\u00e9re, a mentes\u00edt\u00e9shez sz\u00fcks\u00e9ges eszk\u00f6z\u00f6k \u00e9s v\u00e9d\u0151felszerel\u00e9sek beszerz\u00e9s\u00e9re, valamint t\u00e1j\u00e9koztat\u00f3 el\u0151ad\u00e1sok szervez\u00e9s\u00e9re ig\u00e9nyelhet\u0151. Az ehhez sz\u00fcks\u00e9ges nyomtatv\u00e1ny megtal\u00e1lhat\u00f3 a www.jnszm.hu honlapon. A beny\u00fajt\u00e1si hat\u00e1rid\u0151 2008. m\u00e1jus 10.<\/p>\n","protected":false},"excerpt":{"rendered":"<p>Ism\u00e9t lehet p\u00e1ly\u00e1zni parlagf\u0171irt\u00e1sra. A megyei Parlagf\u0171-mentes\u00edt\u00e9si Alaphoz eddig 45 telep\u00fcl\u00e9s csatlakozott; ezzel 5 milli\u00f3 forint ker\u00fclt a t\u00e1mogat\u00e1si alapba. Id\u00e9n is lehet p\u00e1ly\u00e1zni a Parlagf\u0171-mentes\u00edt\u00e9si Alapra. A J\u00e1sz-Nagykun-Szolnok Megyei \u00d6nkorm\u00e1nyzat tavaly 55 \u00f6nkorm\u00e1nyzat p\u00e9nz\u00fcgyi hozz\u00e1j\u00e1rul\u00e1s\u00e1val hozta l\u00e9tre az Alapot. A telep\u00fcl\u00e9sek \u00e9s az \u00f6nkorm\u00e1nyzat egy\u00fcttesen t\u00f6bb mint 6.675.000 forintot adtak \u00f6ssze, melyb\u0151l a 2007-es [&hellip;]<\/p>\n","protected":false},"author":2,"featured_media":0,"comment_status":"open","ping_status":"open","sticky":false,"template":"","format":"standard","meta":[],"categories":[24],"tags":[],"_links":{"self":[{"href":"http:\/\/archiv.szolnoktv.hu\/index.php?rest_route=\/wp\/v2\/posts\/30498"}],"collection":[{"href":"http:\/\/archiv.szolnoktv.hu\/index.php?rest_route=\/wp\/v2\/posts"}],"about":[{"href":"http:\/\/archiv.szolnoktv.hu\/index.php?rest_route=\/wp\/v2\/types\/post"}],"author":[{"embeddable":true,"href":"http:\/\/archiv.szolnoktv.hu\/index.php?rest_route=\/wp\/v2\/users\/2"}],"replies":[{"embeddable":true,"href":"http:\/\/archiv.szolnoktv.hu\/index.php?rest_route=%2Fwp%2Fv2%2Fcomments&post=30498"}],"version-history":[{"count":1,"href":"http:\/\/archiv.szolnoktv.hu\/index.php?rest_route=\/wp\/v2\/posts\/30498\/revisions"}],"predecessor-version":[{"id":30549,"href":"http:\/\/archiv.szolnoktv.hu\/index.php?rest_route=\/wp\/v2\/posts\/30498\/revisions\/30549"}],"wp:attachment":[{"href":"http:\/\/archiv.szolnoktv.hu\/index.php?rest_route=%2Fwp%2Fv2%2Fmedia&parent=30498"}],"wp:term":[{"taxonomy":"category","embeddable":true,"href":"http:\/\/archiv.szolnoktv.hu\/index.php?rest_route=%2Fwp%2Fv2%2Fcategories&post=30498"},{"taxonomy":"post_tag","embeddable":true,"href":"http:\/\/archiv.szolnoktv.hu\/index.php?rest_route=%2Fwp%2Fv2%2Ftags&post=30498"}],"curies":[{"name":"wp","href":"https:\/\/api.w.org\/{rel}","templated":true}]}}