{"id":30497,"date":"2008-02-26T22:42:04","date_gmt":"2008-02-26T22:42:04","guid":{"rendered":"http:\/\/archiv.szolnoktv.hu\/?p=30497"},"modified":"2021-11-17T11:36:27","modified_gmt":"2021-11-17T11:36:27","slug":"nevjegyzek-reklamacio","status":"publish","type":"post","link":"http:\/\/archiv.szolnoktv.hu\/?p=30497","title":{"rendered":"N\u00e9vjegyz\u00e9k reklam\u00e1ci\u00f3"},"content":{"rendered":"<div class='booster-block booster-read-block'><\/div><p>Legk\u00e9s\u0151bb szerd\u00e1ig reklam\u00e1lhatnak a V\u00e1laszt\u00e1si Inform\u00e1ci\u00f3s Szolg\u00e1latn\u00e1l azok a v\u00e1laszt\u00f3polg\u00e1rok, akik nem kaptak p\u00e9ntekig \u00e9rtes\u00edt\u00e9st a n\u00e9vjegyz\u00e9kbe t\u00f6rt\u00e9nt felv\u00e9tel\u00fckr\u0151l. Szolnokon t\u00f6bb mint 1100 \u00e9rtes\u00edt\u0151t vitt vissza a post\u00e1s a szolg\u00e1lathoz. Akinek nincs \u00e9rtes\u00edt\u0151je, de neve szerepel a n\u00e9vjegyz\u00e9kben szem\u00e9lyi igazolv\u00e1nnyal \u00e9s lakc\u00edmk\u00e1rty\u00e1val is voksolhat m\u00e1rcius 9-\u00e9n.<br \/>\nFebru\u00e1r 22-ig meg kellett kapniuk a v\u00e1laszt\u00e1si \u00e9rtes\u00edt\u0151t a v\u00e1laszt\u00f3polg\u00e1roknak. Ugyancsak p\u00e9ntekig kellett jelezni a V\u00e1laszt\u00e1si Inform\u00e1ci\u00f3s Szolg\u00e1latn\u00e1l azt is, ha valaki k\u00fclk\u00e9pviseleten szeretn\u00e9 leadni voks\u00e1t. Szolnokon mind\u00f6sszesen 21-en jelezt\u00e9k ezt az ig\u00e9ny\u00fcket. Ha a megyesz\u00e9khelyen m\u00e1rcius 9-\u00e9n minden v\u00e1laszt\u00f3polg\u00e1r elmegy voksolni, akkor \u00f6sszesen 60868 szavazatot kell ki\u00e9rt\u00e9kelni\u00fck a bizotts\u00e1gok tagjainak. A v\u00e1laszt\u00e1si iroda mindenkinek kik\u00fcldte az \u00e9rtes\u00edt\u00e9st a n\u00e9vjegyz\u00e9kbe t\u00f6rt\u00e9nt felv\u00e9tel\u00fckr\u0151l, ebb\u0151l azonban 1102 darabot visszavitt a post\u00e1s. Aki nem kapott \u00e9rtes\u00edt\u00e9t, a Polg\u00e1rmesteri Hivatal \u00dcgyf\u00e9lszolg\u00e1lat\u00e1n, ezen bel\u00fcl is a V\u00e1laszt\u00e1si Inform\u00e1ci\u00f3s Szolg\u00e1latn\u00e1l megn\u00e9zheti, hogy szerepel-e a n\u00e9vjegyz\u00e9kben. Az \u00e9rtes\u00edt\u00e9s azonban nem felt\u00e9tele a voksol\u00e1snak. M\u00e1rcius 9-\u00e9n, vas\u00e1rnap reggel hatt\u00f3l este h\u00e9tig lehet majd szavazni Szolnok 70 szavaz\u00f3k\u00f6r\u00e9ben. A tand\u00edj, a vizitd\u00edj \u00e9s a k\u00f3rh\u00e1zi napid\u00edj elt\u00f6rl\u00e9s\u00e9re vonatkoz\u00f3 k\u00e9rd\u00e9s h\u00e1rom k\u00fcl\u00f6nb\u00f6z\u0151 sz\u00edn\u0171 szavaz\u00f3lapon lesz, amit egy bor\u00edt\u00e9kba kell tenni. A r\u00e9szv\u00e9teli adatok r\u00e9szeredm\u00e9nyeit a voksol\u00e1s napj\u00e1n hat alkalommal teszik k\u00f6zz\u00e9, az utols\u00f3t este f\u00e9l hatkor. A kamp\u00e1nycsend 8-\u00e1n \u00e9jf\u00e9lkor l\u00e9p \u00e9letbe \u00e9s vas\u00e1rnap este h\u00e9tig tart.<\/p>\n","protected":false},"excerpt":{"rendered":"<p>Legk\u00e9s\u0151bb szerd\u00e1ig reklam\u00e1lhatnak a V\u00e1laszt\u00e1si Inform\u00e1ci\u00f3s Szolg\u00e1latn\u00e1l azok a v\u00e1laszt\u00f3polg\u00e1rok, akik nem kaptak p\u00e9ntekig \u00e9rtes\u00edt\u00e9st a n\u00e9vjegyz\u00e9kbe t\u00f6rt\u00e9nt felv\u00e9tel\u00fckr\u0151l. Szolnokon t\u00f6bb mint 1100 \u00e9rtes\u00edt\u0151t vitt vissza a post\u00e1s a szolg\u00e1lathoz. Akinek nincs \u00e9rtes\u00edt\u0151je, de neve szerepel a n\u00e9vjegyz\u00e9kben szem\u00e9lyi igazolv\u00e1nnyal \u00e9s lakc\u00edmk\u00e1rty\u00e1val is voksolhat m\u00e1rcius 9-\u00e9n. Febru\u00e1r 22-ig meg kellett kapniuk a v\u00e1laszt\u00e1si \u00e9rtes\u00edt\u0151t a [&hellip;]<\/p>\n","protected":false},"author":2,"featured_media":0,"comment_status":"open","ping_status":"open","sticky":false,"template":"","format":"standard","meta":[],"categories":[24],"tags":[],"_links":{"self":[{"href":"http:\/\/archiv.szolnoktv.hu\/index.php?rest_route=\/wp\/v2\/posts\/30497"}],"collection":[{"href":"http:\/\/archiv.szolnoktv.hu\/index.php?rest_route=\/wp\/v2\/posts"}],"about":[{"href":"http:\/\/archiv.szolnoktv.hu\/index.php?rest_route=\/wp\/v2\/types\/post"}],"author":[{"embeddable":true,"href":"http:\/\/archiv.szolnoktv.hu\/index.php?rest_route=\/wp\/v2\/users\/2"}],"replies":[{"embeddable":true,"href":"http:\/\/archiv.szolnoktv.hu\/index.php?rest_route=%2Fwp%2Fv2%2Fcomments&post=30497"}],"version-history":[{"count":1,"href":"http:\/\/archiv.szolnoktv.hu\/index.php?rest_route=\/wp\/v2\/posts\/30497\/revisions"}],"predecessor-version":[{"id":30550,"href":"http:\/\/archiv.szolnoktv.hu\/index.php?rest_route=\/wp\/v2\/posts\/30497\/revisions\/30550"}],"wp:attachment":[{"href":"http:\/\/archiv.szolnoktv.hu\/index.php?rest_route=%2Fwp%2Fv2%2Fmedia&parent=30497"}],"wp:term":[{"taxonomy":"category","embeddable":true,"href":"http:\/\/archiv.szolnoktv.hu\/index.php?rest_route=%2Fwp%2Fv2%2Fcategories&post=30497"},{"taxonomy":"post_tag","embeddable":true,"href":"http:\/\/archiv.szolnoktv.hu\/index.php?rest_route=%2Fwp%2Fv2%2Ftags&post=30497"}],"curies":[{"name":"wp","href":"https:\/\/api.w.org\/{rel}","templated":true}]}}