{"id":30496,"date":"2008-02-26T22:40:50","date_gmt":"2008-02-26T22:40:50","guid":{"rendered":"http:\/\/archiv.szolnoktv.hu\/?p=30496"},"modified":"2021-11-17T11:36:27","modified_gmt":"2021-11-17T11:36:27","slug":"utat-csatornat-fejlesztenek","status":"publish","type":"post","link":"http:\/\/archiv.szolnoktv.hu\/?p=30496","title":{"rendered":"Utat, csatorn\u00e1t fejlesztenek"},"content":{"rendered":"<div class='booster-block booster-read-block'><\/div><p>A J\u00e1sz-Nagykun-Szolnok Megyei Ter\u00fcletfejleszt\u00e9si Tan\u00e1cs tagjai elfogadt\u00e1k az idei k\u00f6lts\u00e9gvet\u00e9s tervezetet. Az \u00fcl\u00e9sen tov\u00e1bb\u00e1 egyhang\u00falag megszavazt\u00e1k az akci\u00f3tervet, melyben \u00fat- \u00e9s szennyv\u00edzh\u00e1l\u00f3zat-fejleszt\u00e9s is szerepel.<br \/>\nEgy perces n\u00e9ma tiszteletad\u00e1ssal kezd\u0151d\u00f6tt a J\u00e1sz-Nagykun-Szolnok Megyei Ter\u00fcletfejleszt\u00e9si Tan\u00e1cs mai \u00fcl\u00e9se, az egy hete elhunyt Dr. Bozs\u00f3 P\u00e9ter megyei f\u0151jegyz\u0151re eml\u00e9kezve. A test\u00fclet els\u0151k\u00e9nt elfogadta a tan\u00e1cs idei k\u00f6lts\u00e9gvet\u00e9s\u00e9t. Ez biztos\u00edtja az alapot ahhoz, hogy a szervezet m\u0171k\u00f6dhessen. Egyet \u00e9rtettek tov\u00e1bb\u00e1 a megyei kist\u00e9rs\u00e9gi f\u00f3rumon m\u00f3dos\u00edtott akci\u00f3tervvel is. A program a k\u00f6vetkez\u0151 k\u00e9t \u00e9vre vonatkoz\u00f3, a megye telep\u00fcl\u00e9seinek, valamint a v\u00e1llakoz\u00f3k ig\u00e9nyeinek megfelel\u0151 fejleszt\u00e9si elk\u00e9pzel\u00e9seket tartalmazza. Pluszk\u00e9nt ker\u00fclt bele a n\u00e9gyes \u00fat Fegyvernek-Szap\u00e1rfalut elker\u00fcl\u0151 szakasz\u00e1nak meg\u00e9p\u00edt\u00e9se, valamint \u00d6cs\u00f6d nagyk\u00f6zs\u00e9g szennyv\u00edzh\u00e1l\u00f3zat\u00e1nak fejleszt\u00e9se.<\/p>\n","protected":false},"excerpt":{"rendered":"<p>A J\u00e1sz-Nagykun-Szolnok Megyei Ter\u00fcletfejleszt\u00e9si Tan\u00e1cs tagjai elfogadt\u00e1k az idei k\u00f6lts\u00e9gvet\u00e9s tervezetet. Az \u00fcl\u00e9sen tov\u00e1bb\u00e1 egyhang\u00falag megszavazt\u00e1k az akci\u00f3tervet, melyben \u00fat- \u00e9s szennyv\u00edzh\u00e1l\u00f3zat-fejleszt\u00e9s is szerepel. Egy perces n\u00e9ma tiszteletad\u00e1ssal kezd\u0151d\u00f6tt a J\u00e1sz-Nagykun-Szolnok Megyei Ter\u00fcletfejleszt\u00e9si Tan\u00e1cs mai \u00fcl\u00e9se, az egy hete elhunyt Dr. Bozs\u00f3 P\u00e9ter megyei f\u0151jegyz\u0151re eml\u00e9kezve. A test\u00fclet els\u0151k\u00e9nt elfogadta a tan\u00e1cs idei k\u00f6lts\u00e9gvet\u00e9s\u00e9t. Ez [&hellip;]<\/p>\n","protected":false},"author":2,"featured_media":0,"comment_status":"open","ping_status":"open","sticky":false,"template":"","format":"standard","meta":[],"categories":[24],"tags":[],"_links":{"self":[{"href":"http:\/\/archiv.szolnoktv.hu\/index.php?rest_route=\/wp\/v2\/posts\/30496"}],"collection":[{"href":"http:\/\/archiv.szolnoktv.hu\/index.php?rest_route=\/wp\/v2\/posts"}],"about":[{"href":"http:\/\/archiv.szolnoktv.hu\/index.php?rest_route=\/wp\/v2\/types\/post"}],"author":[{"embeddable":true,"href":"http:\/\/archiv.szolnoktv.hu\/index.php?rest_route=\/wp\/v2\/users\/2"}],"replies":[{"embeddable":true,"href":"http:\/\/archiv.szolnoktv.hu\/index.php?rest_route=%2Fwp%2Fv2%2Fcomments&post=30496"}],"version-history":[{"count":1,"href":"http:\/\/archiv.szolnoktv.hu\/index.php?rest_route=\/wp\/v2\/posts\/30496\/revisions"}],"predecessor-version":[{"id":30551,"href":"http:\/\/archiv.szolnoktv.hu\/index.php?rest_route=\/wp\/v2\/posts\/30496\/revisions\/30551"}],"wp:attachment":[{"href":"http:\/\/archiv.szolnoktv.hu\/index.php?rest_route=%2Fwp%2Fv2%2Fmedia&parent=30496"}],"wp:term":[{"taxonomy":"category","embeddable":true,"href":"http:\/\/archiv.szolnoktv.hu\/index.php?rest_route=%2Fwp%2Fv2%2Fcategories&post=30496"},{"taxonomy":"post_tag","embeddable":true,"href":"http:\/\/archiv.szolnoktv.hu\/index.php?rest_route=%2Fwp%2Fv2%2Ftags&post=30496"}],"curies":[{"name":"wp","href":"https:\/\/api.w.org\/{rel}","templated":true}]}}