{"id":30495,"date":"2008-02-26T22:39:25","date_gmt":"2008-02-26T22:39:25","guid":{"rendered":"http:\/\/archiv.szolnoktv.hu\/?p=30495"},"modified":"2021-11-17T11:36:27","modified_gmt":"2021-11-17T11:36:27","slug":"bozso-petertol-bucsuztak","status":"publish","type":"post","link":"http:\/\/archiv.szolnoktv.hu\/?p=30495","title":{"rendered":"Bozs\u00f3 P\u00e9tert\u0151l b\u00facs\u00faztak"},"content":{"rendered":"<div class='booster-block booster-read-block'><\/div><p>Ma d\u00e9lut\u00e1n k\u00eds\u00e9rt\u00e9k utols\u00f3 \u00fatj\u00e1ra Bozs\u00f3 P\u00e9tert. A megyei \u00f6nkorm\u00e1nyzat m\u00falt h\u00e9ten elhunyt f\u0151jegyz\u0151je m\u00e1jusban lett volna hatvan esztend\u0151s.<br \/>\nT\u00fcrelemmel viselte betegs\u00e9g\u00e9t, amely v\u00e9g\u00fcl maga al\u00e1 gy\u0171rte. A rendszerv\u00e1lt\u00e1s \u00f3ta folyamatosan \u0151 volt a megye f\u0151jegyz\u0151je, azaz a megyei fenntart\u00e1s\u00fa int\u00e9zm\u00e9nyek t\u00f6rv\u00e9nyes m\u0171k\u00f6d\u00e9s\u00e9nek vigy\u00e1z\u00f3ja. Hivatal\u00e1t a hozz\u00e1 k\u00f6zel\u00e1ll\u00f3k szerint is al\u00e1zattal, szakmai tisztess\u00e9ggel l\u00e1tta el. Ravatala el\u0151tt csal\u00e1dtagjain t\u00fal ler\u00f3tt\u00e1k kegyelet\u00fcket a megyei \u00f6nkorm\u00e1nyzat hivatal\u00e1nak dolgoz\u00f3i, a megyei k\u00f6zgy\u0171l\u00e9s tiszts\u00e9gvisel\u0151i csak\u00fagy, mint Szolnok Megyei Jog\u00fa V\u00e1ros polg\u00e1rmestere \u00e9s alpolg\u00e1rmesterei. A legy\u0171rhetetlen betegs\u00e9g m\u00e9g azt sem adta meg Bozs\u00f3 P\u00e9ternek, hogy hatvanadik sz\u00fclet\u00e9snapj\u00e1t meg\u00fcnnepelje. Ut\u00f3dl\u00e1s\u00e1ra p\u00e1ly\u00e1zatot \u00edrt ki a megyei \u00f6nkorm\u00e1nyzat, b\u00e1r k\u00f6zigazgat\u00e1si tapasztalatait, szak\u00e9rtelm\u00e9t, embers\u00e9g\u00e9t neh\u00e9z lesz p\u00f3tolni.<\/p>\n","protected":false},"excerpt":{"rendered":"<p>Ma d\u00e9lut\u00e1n k\u00eds\u00e9rt\u00e9k utols\u00f3 \u00fatj\u00e1ra Bozs\u00f3 P\u00e9tert. A megyei \u00f6nkorm\u00e1nyzat m\u00falt h\u00e9ten elhunyt f\u0151jegyz\u0151je m\u00e1jusban lett volna hatvan esztend\u0151s. T\u00fcrelemmel viselte betegs\u00e9g\u00e9t, amely v\u00e9g\u00fcl maga al\u00e1 gy\u0171rte. A rendszerv\u00e1lt\u00e1s \u00f3ta folyamatosan \u0151 volt a megye f\u0151jegyz\u0151je, azaz a megyei fenntart\u00e1s\u00fa int\u00e9zm\u00e9nyek t\u00f6rv\u00e9nyes m\u0171k\u00f6d\u00e9s\u00e9nek vigy\u00e1z\u00f3ja. Hivatal\u00e1t a hozz\u00e1 k\u00f6zel\u00e1ll\u00f3k szerint is al\u00e1zattal, szakmai tisztess\u00e9ggel l\u00e1tta el. [&hellip;]<\/p>\n","protected":false},"author":2,"featured_media":0,"comment_status":"open","ping_status":"open","sticky":false,"template":"","format":"standard","meta":[],"categories":[24],"tags":[],"_links":{"self":[{"href":"http:\/\/archiv.szolnoktv.hu\/index.php?rest_route=\/wp\/v2\/posts\/30495"}],"collection":[{"href":"http:\/\/archiv.szolnoktv.hu\/index.php?rest_route=\/wp\/v2\/posts"}],"about":[{"href":"http:\/\/archiv.szolnoktv.hu\/index.php?rest_route=\/wp\/v2\/types\/post"}],"author":[{"embeddable":true,"href":"http:\/\/archiv.szolnoktv.hu\/index.php?rest_route=\/wp\/v2\/users\/2"}],"replies":[{"embeddable":true,"href":"http:\/\/archiv.szolnoktv.hu\/index.php?rest_route=%2Fwp%2Fv2%2Fcomments&post=30495"}],"version-history":[{"count":1,"href":"http:\/\/archiv.szolnoktv.hu\/index.php?rest_route=\/wp\/v2\/posts\/30495\/revisions"}],"predecessor-version":[{"id":30552,"href":"http:\/\/archiv.szolnoktv.hu\/index.php?rest_route=\/wp\/v2\/posts\/30495\/revisions\/30552"}],"wp:attachment":[{"href":"http:\/\/archiv.szolnoktv.hu\/index.php?rest_route=%2Fwp%2Fv2%2Fmedia&parent=30495"}],"wp:term":[{"taxonomy":"category","embeddable":true,"href":"http:\/\/archiv.szolnoktv.hu\/index.php?rest_route=%2Fwp%2Fv2%2Fcategories&post=30495"},{"taxonomy":"post_tag","embeddable":true,"href":"http:\/\/archiv.szolnoktv.hu\/index.php?rest_route=%2Fwp%2Fv2%2Ftags&post=30495"}],"curies":[{"name":"wp","href":"https:\/\/api.w.org\/{rel}","templated":true}]}}