{"id":30494,"date":"2008-02-26T22:37:18","date_gmt":"2008-02-26T22:37:18","guid":{"rendered":"http:\/\/archiv.szolnoktv.hu\/?p=30494"},"modified":"2021-11-17T11:36:27","modified_gmt":"2021-11-17T11:36:27","slug":"dragabban-merik-ismet","status":"publish","type":"post","link":"http:\/\/archiv.szolnoktv.hu\/?p=30494","title":{"rendered":"Dr\u00e1g\u00e1bban m\u00e9rik ism\u00e9t"},"content":{"rendered":"<div class='booster-block booster-read-block'><\/div><p>Ism\u00e9t dr\u00e1gul az \u00fczemanyag. Szerd\u00e1t\u00f3l a MOL mind a benzin, mind a g\u00e1zolaj \u00e1r\u00e1t megemeli. El\u0151bbit kett\u0151, ut\u00f3bbit n\u00e9gy forinttal.<br \/>\nNem mindegy, hogy ma tankolunk \u00f6tezer forint\u00e9rt vagy holnap.  B\u00e1r az \u00f6sszeg ugyanakkora, csak \u00e9ppen szerd\u00e1t\u00f3l ez\u00e9rt a t\u00e9tel\u00e9rt m\u00e1r kevesebb \u00fczemanyag folyik a j\u00e1rm\u0171 tankj\u00e1ba. 08:14 Holnapt\u00f3l ugyanis \u00fajra emeli az \u00e1rakat a MOL. A dr\u00e1gul\u00e1s indokl\u00e1s\u00e1n\u00e1l a vil\u00e1gpiaci v\u00e1ltoz\u00e1sokra hivatkoznak. M\u00falt h\u00e9ten ugyanis egy hord\u00f3 k\u0151olaj \u00e1ra soha nem l\u00e1tott magass\u00e1gokba emelkedett. Valamivel t\u00f6bb mint 100 doll\u00e1rba ker\u00fcl. Ez \u00e9rezteti itthon is a hat\u00e1s\u00e1t. M\u00edg a m\u00falt h\u00e9ten az \u00fczemanyag\u00e1rak 5 forinttal dr\u00e1gultak, addig az e heti emel\u00e9s a g\u00e1zolaj eset\u00e9ben plusz n\u00e9gy, a benzinn\u00e9l pedig plusz k\u00e9t forintot jelent.Az ism\u00e9telt dr\u00e1gul\u00e1s ok\u00e1n a benzin \u00e1tlag\u00e1ra el\u00e9rte, a g\u00e1zolaj\u00e9 pedig meg is haladta a h\u00e1romsz\u00e1z forintos l\u00e9lektani hat\u00e1rt. Az egyes t\u00f6lt\u0151\u00e1llom\u00e1sok k\u00f6z\u00f6tt ak\u00e1r 15-20 forintos elt\u00e9r\u00e9sek is lehetnek literenk\u00e9nt. Az aut\u00f3p\u00e1ly\u00e1k melletti kutakn\u00e1l bizony tal\u00e1lkozhatunk ak\u00e1r 320 forintos benzinnel is, m\u00edg a belv\u00e1rosi mag\u00e1nkutak alacsonyan tudj\u00e1k tartani az \u00e1rakat, 270-280 forint k\u00f6zel\u00e9ben. Egyes elemz\u0151k szerint a vil\u00e1gpiaci \u00e1rak 5-10%-kal tov\u00e1bb emelkednek, ami itthon is \u00e9reztetni majd hat\u00e1s\u00e1t. Ak\u00e1r 15, de elk\u00e9pzelhet\u0151, hogy tov\u00e1bbi 30 forinttal dr\u00e1gulhat az \u00fczemanyag.<\/p>\n","protected":false},"excerpt":{"rendered":"<p>Ism\u00e9t dr\u00e1gul az \u00fczemanyag. Szerd\u00e1t\u00f3l a MOL mind a benzin, mind a g\u00e1zolaj \u00e1r\u00e1t megemeli. El\u0151bbit kett\u0151, ut\u00f3bbit n\u00e9gy forinttal. Nem mindegy, hogy ma tankolunk \u00f6tezer forint\u00e9rt vagy holnap. B\u00e1r az \u00f6sszeg ugyanakkora, csak \u00e9ppen szerd\u00e1t\u00f3l ez\u00e9rt a t\u00e9tel\u00e9rt m\u00e1r kevesebb \u00fczemanyag folyik a j\u00e1rm\u0171 tankj\u00e1ba. 08:14 Holnapt\u00f3l ugyanis \u00fajra emeli az \u00e1rakat a MOL. [&hellip;]<\/p>\n","protected":false},"author":2,"featured_media":0,"comment_status":"open","ping_status":"open","sticky":false,"template":"","format":"standard","meta":[],"categories":[24],"tags":[],"_links":{"self":[{"href":"http:\/\/archiv.szolnoktv.hu\/index.php?rest_route=\/wp\/v2\/posts\/30494"}],"collection":[{"href":"http:\/\/archiv.szolnoktv.hu\/index.php?rest_route=\/wp\/v2\/posts"}],"about":[{"href":"http:\/\/archiv.szolnoktv.hu\/index.php?rest_route=\/wp\/v2\/types\/post"}],"author":[{"embeddable":true,"href":"http:\/\/archiv.szolnoktv.hu\/index.php?rest_route=\/wp\/v2\/users\/2"}],"replies":[{"embeddable":true,"href":"http:\/\/archiv.szolnoktv.hu\/index.php?rest_route=%2Fwp%2Fv2%2Fcomments&post=30494"}],"version-history":[{"count":1,"href":"http:\/\/archiv.szolnoktv.hu\/index.php?rest_route=\/wp\/v2\/posts\/30494\/revisions"}],"predecessor-version":[{"id":30553,"href":"http:\/\/archiv.szolnoktv.hu\/index.php?rest_route=\/wp\/v2\/posts\/30494\/revisions\/30553"}],"wp:attachment":[{"href":"http:\/\/archiv.szolnoktv.hu\/index.php?rest_route=%2Fwp%2Fv2%2Fmedia&parent=30494"}],"wp:term":[{"taxonomy":"category","embeddable":true,"href":"http:\/\/archiv.szolnoktv.hu\/index.php?rest_route=%2Fwp%2Fv2%2Fcategories&post=30494"},{"taxonomy":"post_tag","embeddable":true,"href":"http:\/\/archiv.szolnoktv.hu\/index.php?rest_route=%2Fwp%2Fv2%2Ftags&post=30494"}],"curies":[{"name":"wp","href":"https:\/\/api.w.org\/{rel}","templated":true}]}}