{"id":30493,"date":"2008-02-25T19:47:39","date_gmt":"2008-02-25T19:47:39","guid":{"rendered":"http:\/\/archiv.szolnoktv.hu\/?p=30493"},"modified":"2021-11-17T11:36:27","modified_gmt":"2021-11-17T11:36:27","slug":"jegtoro-matyas","status":"publish","type":"post","link":"http:\/\/archiv.szolnoktv.hu\/?p=30493","title":{"rendered":"J\u00e9gt\u00f6r\u0151 M\u00e1ty\u00e1s"},"content":{"rendered":"<div class='booster-block booster-read-block'><\/div><p>Ha nem tal\u00e1l, csin\u00e1l. A n\u00e9pi hiedelem szerint a M\u00e1ty\u00e1s napi hideg j\u00f3 term\u00e9st \u00edg\u00e9r, a szeles id\u0151 pedig jelent\u0151s toj\u00e1sszaporulatot. A mai kellemes id\u0151 alapj\u00e1n csal\u00f3dnak a gazd\u00e1lkod\u00f3k.<br \/>\nJ\u00e9gt\u00f6r\u0151 M\u00e1ty\u00e1s napja febru\u00e1r huszonnegyedik\u00e9re esik, \u00e1m az idei esztend\u0151ben- l\u00e9v\u00e9n sz\u00f6k\u0151\u00e9v- egy nappal k\u00e9s\u0151bb \u00fclhetnek n\u00e9vnapot a h\u00e9ber\u00fcl Isten aj\u00e1nd\u00e9k\u00e1nak nevezett f\u00e9rfiak. Az eredend\u0151 M\u00e1ty\u00e1s napot ugyanis kiszor\u00edtotta egy rendk\u00edv\u00fcl ritka keresztn\u00e9v, a Sz\u00f6k\u0151nap. Ahol Zsuzsanna nem vitte el a fagyot, M\u00e1ty\u00e1s t\u00f6ri meg a t\u00e9l uralm\u00e1t. Vagy ha jeget nem tal\u00e1l, akkor csin\u00e1l. A hal\u00e1szoknak is jeles napja M\u00e1ty\u00e1s, ekkor kezdenek \u00edvni a csuk\u00e1k. Az ezen a napon fogott csuk\u00e1t a n\u00e9p &#8220;M\u00e1ty\u00e1s csuk\u00e1j\u00e1&#8221;&#8221;-nak is nevezi<br \/>\n\u00e9s eg\u00e9sz \u00e9vre b\u0151 hal-fog\u00e1st \u00edg\u00e9r. A hal\u00e1szok mellett \u0151 az \u00e1csok \u00e9s a m\u00e9sz\u00e1rosok v\u00e9d\u0151szentje is. M\u00e1ty\u00e1s apostol J\u00fad\u00e1s \u00f6ngyilkoss\u00e1ga ut\u00e1n lett a tizenkettedik apostol<br \/>\nneve napj\u00e1n \u0151 maga osztja ki a s\u00edpokat a madaraknak<\/p>\n","protected":false},"excerpt":{"rendered":"<p>Ha nem tal\u00e1l, csin\u00e1l. A n\u00e9pi hiedelem szerint a M\u00e1ty\u00e1s napi hideg j\u00f3 term\u00e9st \u00edg\u00e9r, a szeles id\u0151 pedig jelent\u0151s toj\u00e1sszaporulatot. A mai kellemes id\u0151 alapj\u00e1n csal\u00f3dnak a gazd\u00e1lkod\u00f3k. J\u00e9gt\u00f6r\u0151 M\u00e1ty\u00e1s napja febru\u00e1r huszonnegyedik\u00e9re esik, \u00e1m az idei esztend\u0151ben- l\u00e9v\u00e9n sz\u00f6k\u0151\u00e9v- egy nappal k\u00e9s\u0151bb \u00fclhetnek n\u00e9vnapot a h\u00e9ber\u00fcl Isten aj\u00e1nd\u00e9k\u00e1nak nevezett f\u00e9rfiak. Az eredend\u0151 M\u00e1ty\u00e1s [&hellip;]<\/p>\n","protected":false},"author":2,"featured_media":0,"comment_status":"open","ping_status":"open","sticky":false,"template":"","format":"standard","meta":[],"categories":[24],"tags":[],"_links":{"self":[{"href":"http:\/\/archiv.szolnoktv.hu\/index.php?rest_route=\/wp\/v2\/posts\/30493"}],"collection":[{"href":"http:\/\/archiv.szolnoktv.hu\/index.php?rest_route=\/wp\/v2\/posts"}],"about":[{"href":"http:\/\/archiv.szolnoktv.hu\/index.php?rest_route=\/wp\/v2\/types\/post"}],"author":[{"embeddable":true,"href":"http:\/\/archiv.szolnoktv.hu\/index.php?rest_route=\/wp\/v2\/users\/2"}],"replies":[{"embeddable":true,"href":"http:\/\/archiv.szolnoktv.hu\/index.php?rest_route=%2Fwp%2Fv2%2Fcomments&post=30493"}],"version-history":[{"count":1,"href":"http:\/\/archiv.szolnoktv.hu\/index.php?rest_route=\/wp\/v2\/posts\/30493\/revisions"}],"predecessor-version":[{"id":30554,"href":"http:\/\/archiv.szolnoktv.hu\/index.php?rest_route=\/wp\/v2\/posts\/30493\/revisions\/30554"}],"wp:attachment":[{"href":"http:\/\/archiv.szolnoktv.hu\/index.php?rest_route=%2Fwp%2Fv2%2Fmedia&parent=30493"}],"wp:term":[{"taxonomy":"category","embeddable":true,"href":"http:\/\/archiv.szolnoktv.hu\/index.php?rest_route=%2Fwp%2Fv2%2Fcategories&post=30493"},{"taxonomy":"post_tag","embeddable":true,"href":"http:\/\/archiv.szolnoktv.hu\/index.php?rest_route=%2Fwp%2Fv2%2Ftags&post=30493"}],"curies":[{"name":"wp","href":"https:\/\/api.w.org\/{rel}","templated":true}]}}