{"id":30492,"date":"2008-02-25T19:46:26","date_gmt":"2008-02-25T19:46:26","guid":{"rendered":"http:\/\/archiv.szolnoktv.hu\/?p=30492"},"modified":"2021-11-17T11:36:27","modified_gmt":"2021-11-17T11:36:27","slug":"kozlekedesismereti-verseny","status":"publish","type":"post","link":"http:\/\/archiv.szolnoktv.hu\/?p=30492","title":{"rendered":"K\u00f6zleked\u00e9sismereti verseny"},"content":{"rendered":"<div class='booster-block booster-read-block'><\/div><p>K\u00e9t j\u00e1szals\u00f3szentgy\u00f6rgyi di\u00e1k nyerte ebben az \u00e9vben a megyei K\u00f6zleked\u00e9sismereti Versenyt. Az \u00e9venk\u00e9nt megrendezett vet\u00e9lked\u0151 c\u00e9lja, hogy a tanul\u00f3k t\u00f6bbet megtudjanak a k\u00f6zleked\u00e9sr\u0151l, \u00e9s ezzel cs\u00f6kkenjen a gyermekbalesetek sz\u00e1ma.<br \/>\nImm\u00e1r 13. \u00e9ve rendezi meg a J\u00e1sz-Nagykun-Szolnok Megyei Pedag\u00f3giai Int\u00e9zet \u00e9s a Megyei Balesetmegel\u0151z\u00e9si Bizotts\u00e1g az \u00e1ltal\u00e1nos iskol\u00e1k 4. \u00e9s 8. oszt\u00e1lyos tanul\u00f3i r\u00e9sz\u00e9re a K\u00f6zleked\u00e9sismereti Versenyt. A 120 versenyz\u0151b\u0151l az iskolai h\u00e1ziversenyekb\u0151l tov\u00e1bbjutott 18 legjobb vehetett r\u00e9szt a mai megyei fordul\u00f3n. A t\u00e9t itt m\u00e1r az orsz\u00e1gos d\u00f6nt\u0151be jut\u00e1s, \u00edgy a di\u00e1kok sokat k\u00e9sz\u00fcltek a megm\u00e9rettet\u00e9sre. Megy\u00e9nkben igen magas a gyermekeket \u00e9rt balesetek sz\u00e1ma. Tavaly 28 olyan baleset t\u00f6rt\u00e9nt, melyben 19 esetben okoz\u00f3k\u00e9nt, \u00e9s 9 esetben r\u00e9szesk\u00e9nt szerepeltek gyerekek. Ez\u00e9rt nagyon fontos, hogy a di\u00e1kok megfelel\u0151 k\u00f6zleked\u00e9si oktat\u00e1sban r\u00e9szes\u00fcljenek \u00e9s ezt a c\u00e9lt seg\u00edti ez a verseny is. Legjobbnak id\u00e9n a 4. oszt\u00e1lyosok k\u00f6z\u00fcl Szatm\u00e1ri Kinga, nyolcadikosok k\u00f6z\u00fcl pedig D\u00f6m\u0151k Vivien bizonyult; mindketten a   j\u00e1szals\u00f3szentgy\u00f6rgyi Lippay Lajos \u00c1ltal\u00e1nos Iskola \u00e9s Alapfok\u00fa M\u0171v\u00e9szetoktat\u00e1si Int\u00e9zm\u00e9ny tanul\u00f3i. \u00d5k k\u00e9pviselik majd megy\u00e9nket az orsz\u00e1gos versenyen.<\/p>\n","protected":false},"excerpt":{"rendered":"<p>K\u00e9t j\u00e1szals\u00f3szentgy\u00f6rgyi di\u00e1k nyerte ebben az \u00e9vben a megyei K\u00f6zleked\u00e9sismereti Versenyt. Az \u00e9venk\u00e9nt megrendezett vet\u00e9lked\u0151 c\u00e9lja, hogy a tanul\u00f3k t\u00f6bbet megtudjanak a k\u00f6zleked\u00e9sr\u0151l, \u00e9s ezzel cs\u00f6kkenjen a gyermekbalesetek sz\u00e1ma. Imm\u00e1r 13. \u00e9ve rendezi meg a J\u00e1sz-Nagykun-Szolnok Megyei Pedag\u00f3giai Int\u00e9zet \u00e9s a Megyei Balesetmegel\u0151z\u00e9si Bizotts\u00e1g az \u00e1ltal\u00e1nos iskol\u00e1k 4. \u00e9s 8. oszt\u00e1lyos tanul\u00f3i r\u00e9sz\u00e9re a K\u00f6zleked\u00e9sismereti [&hellip;]<\/p>\n","protected":false},"author":2,"featured_media":0,"comment_status":"open","ping_status":"open","sticky":false,"template":"","format":"standard","meta":[],"categories":[24],"tags":[],"_links":{"self":[{"href":"http:\/\/archiv.szolnoktv.hu\/index.php?rest_route=\/wp\/v2\/posts\/30492"}],"collection":[{"href":"http:\/\/archiv.szolnoktv.hu\/index.php?rest_route=\/wp\/v2\/posts"}],"about":[{"href":"http:\/\/archiv.szolnoktv.hu\/index.php?rest_route=\/wp\/v2\/types\/post"}],"author":[{"embeddable":true,"href":"http:\/\/archiv.szolnoktv.hu\/index.php?rest_route=\/wp\/v2\/users\/2"}],"replies":[{"embeddable":true,"href":"http:\/\/archiv.szolnoktv.hu\/index.php?rest_route=%2Fwp%2Fv2%2Fcomments&post=30492"}],"version-history":[{"count":1,"href":"http:\/\/archiv.szolnoktv.hu\/index.php?rest_route=\/wp\/v2\/posts\/30492\/revisions"}],"predecessor-version":[{"id":30555,"href":"http:\/\/archiv.szolnoktv.hu\/index.php?rest_route=\/wp\/v2\/posts\/30492\/revisions\/30555"}],"wp:attachment":[{"href":"http:\/\/archiv.szolnoktv.hu\/index.php?rest_route=%2Fwp%2Fv2%2Fmedia&parent=30492"}],"wp:term":[{"taxonomy":"category","embeddable":true,"href":"http:\/\/archiv.szolnoktv.hu\/index.php?rest_route=%2Fwp%2Fv2%2Fcategories&post=30492"},{"taxonomy":"post_tag","embeddable":true,"href":"http:\/\/archiv.szolnoktv.hu\/index.php?rest_route=%2Fwp%2Fv2%2Ftags&post=30492"}],"curies":[{"name":"wp","href":"https:\/\/api.w.org\/{rel}","templated":true}]}}