{"id":30491,"date":"2008-02-25T19:45:38","date_gmt":"2008-02-25T19:45:38","guid":{"rendered":"http:\/\/archiv.szolnoktv.hu\/?p=30491"},"modified":"2021-11-17T11:36:27","modified_gmt":"2021-11-17T11:36:27","slug":"ujra-palyazik-a-varos","status":"publish","type":"post","link":"http:\/\/archiv.szolnoktv.hu\/?p=30491","title":{"rendered":"\u00dajra p\u00e1ly\u00e1zik a v\u00e1ros"},"content":{"rendered":"<div class='booster-block booster-read-block'><\/div><p>A k\u00f6zgy\u0171l\u00e9s elfogadta a Xav\u00e9ri Szent Ferenc k\u00e1polna fel\u00faj\u00edt\u00e1s\u00e1ra vonatkoz\u00f3 p\u00e1ly\u00e1zaton val\u00f3 r\u00e9szv\u00e9telt. A M\u0171eml\u00e9ki \u00e9s R\u00e9g\u00e9szeti Szakmai Koll\u00e9gium ki\u00edr\u00e1s\u00e1nak el\u0151felt\u00e9tele a harminc sz\u00e1zal\u00e9kos \u00f6nr\u00e9sz.<br \/>\nAz Ady Endre \u00faton \u00e1ll\u00f3 k\u00e1poln\u00e1t a pestisj\u00e1rv\u00e1ny elvonult\u00e1val a szolnokiak k\u00f6zadakoz\u00e1sb\u00f3l \u00e9p\u00edtett\u00e9k 1749- ben. Az 1622- ben szentt\u00e9 avatott szerzetesr\u0151l azt tartotta a legenda, hogy exhum\u00e1lt holtteste megmentette Moloch\u00f3 v\u00e1ros\u00e1t a pestisj\u00e1rv\u00e1nyt\u00f3l, a fogadalmi templom fel\u00e9p\u00edt\u00e9s\u00e9t\u0151l is ezt v\u00e1rt\u00e1k a helyiek.  Az akkori mez\u0151v\u00e1ros hat\u00e1ra a mai v\u00edz\u00fcgyi sz\u00e9kh\u00e1zn\u00e1l lehetett, \u00e1m a folyamatosan terjeszked\u0151 v\u00e1ros k\u00f6rben\u0151tte a templomot. 1871- ben- ak\u00e1rcsak a k\u00e1polna fel\u00e9p\u00edt\u00e9s\u00e9t- fel\u00faj\u00edt\u00e1s\u00e1t is k\u00f6zadakoz\u00e1sb\u00f3l val\u00f3s\u00edtott\u00e1k meg a szolnokiak. 2004 m\u00e1jus\u00e1ban mag\u00e1nkezdem\u00e9nyez\u00e9sre ism\u00e9t megkezd\u0151d\u00f6tt a kistemplom megment\u00e9se, \u00e1m a leg\u00fajabb kori k\u00f6zadakoz\u00e1sokb\u00f3l, felaj\u00e1nl\u00e1sokb\u00f3l nem j\u00f6tt \u00f6ssze annyi, amennyi fedezte volna az \u00e9p\u00fclet megment\u00e9s\u00e9t. A k\u00f6zgy\u0171l\u00e9s febru\u00e1ri \u00fcl\u00e9s\u00e9n elfogadott el\u0151terjeszt\u00e9s lehet a sorozatos felt\u00f6lt\u00e9sek miatt folyamatosan s\u00fcllyed\u0151 k\u00e9polna sz\u00e1m\u00e1ra a ment\u0151\u00f6v. A M\u0171eml\u00e9ki \u00e9s R\u00e9g\u00e9szeti Szakmai Koll\u00e9gium p\u00e1ly\u00e1zat\u00e1n nyerhet\u0151 maxim\u00e1lis \u00f6sszeg tizenn\u00e9gymilli\u00f3 forint. Ehhez j\u00e1rul a harminc sz\u00e1zal\u00e9kos \u00f6ner\u0151, ez nyolcmilli\u00f3 kielncsz\u00e1ztizenh\u00e9tezer forint. Ha a ki\u00edr\u00e1son sikerrel szerepel a v\u00e1ros, \u00fagy a megyesz\u00e9khely egyikm\u0171eml\u00e9k- gy\u00f6ngyszeme \u00e9s annak k\u00f6zvetlen k\u00f6rnyezete menek\u00fclhetne meg a tov\u00e1bbi roml\u00e1st\u00f3l.<\/p>\n","protected":false},"excerpt":{"rendered":"<p>A k\u00f6zgy\u0171l\u00e9s elfogadta a Xav\u00e9ri Szent Ferenc k\u00e1polna fel\u00faj\u00edt\u00e1s\u00e1ra vonatkoz\u00f3 p\u00e1ly\u00e1zaton val\u00f3 r\u00e9szv\u00e9telt. A M\u0171eml\u00e9ki \u00e9s R\u00e9g\u00e9szeti Szakmai Koll\u00e9gium ki\u00edr\u00e1s\u00e1nak el\u0151felt\u00e9tele a harminc sz\u00e1zal\u00e9kos \u00f6nr\u00e9sz. Az Ady Endre \u00faton \u00e1ll\u00f3 k\u00e1poln\u00e1t a pestisj\u00e1rv\u00e1ny elvonult\u00e1val a szolnokiak k\u00f6zadakoz\u00e1sb\u00f3l \u00e9p\u00edtett\u00e9k 1749- ben. Az 1622- ben szentt\u00e9 avatott szerzetesr\u0151l azt tartotta a legenda, hogy exhum\u00e1lt holtteste megmentette Moloch\u00f3 [&hellip;]<\/p>\n","protected":false},"author":2,"featured_media":0,"comment_status":"open","ping_status":"open","sticky":false,"template":"","format":"standard","meta":[],"categories":[24],"tags":[],"_links":{"self":[{"href":"http:\/\/archiv.szolnoktv.hu\/index.php?rest_route=\/wp\/v2\/posts\/30491"}],"collection":[{"href":"http:\/\/archiv.szolnoktv.hu\/index.php?rest_route=\/wp\/v2\/posts"}],"about":[{"href":"http:\/\/archiv.szolnoktv.hu\/index.php?rest_route=\/wp\/v2\/types\/post"}],"author":[{"embeddable":true,"href":"http:\/\/archiv.szolnoktv.hu\/index.php?rest_route=\/wp\/v2\/users\/2"}],"replies":[{"embeddable":true,"href":"http:\/\/archiv.szolnoktv.hu\/index.php?rest_route=%2Fwp%2Fv2%2Fcomments&post=30491"}],"version-history":[{"count":1,"href":"http:\/\/archiv.szolnoktv.hu\/index.php?rest_route=\/wp\/v2\/posts\/30491\/revisions"}],"predecessor-version":[{"id":30556,"href":"http:\/\/archiv.szolnoktv.hu\/index.php?rest_route=\/wp\/v2\/posts\/30491\/revisions\/30556"}],"wp:attachment":[{"href":"http:\/\/archiv.szolnoktv.hu\/index.php?rest_route=%2Fwp%2Fv2%2Fmedia&parent=30491"}],"wp:term":[{"taxonomy":"category","embeddable":true,"href":"http:\/\/archiv.szolnoktv.hu\/index.php?rest_route=%2Fwp%2Fv2%2Fcategories&post=30491"},{"taxonomy":"post_tag","embeddable":true,"href":"http:\/\/archiv.szolnoktv.hu\/index.php?rest_route=%2Fwp%2Fv2%2Ftags&post=30491"}],"curies":[{"name":"wp","href":"https:\/\/api.w.org\/{rel}","templated":true}]}}