{"id":30489,"date":"2008-02-25T19:24:14","date_gmt":"2008-02-25T19:24:14","guid":{"rendered":"http:\/\/archiv.szolnoktv.hu\/?p=30489"},"modified":"2021-11-17T11:36:28","modified_gmt":"2021-11-17T11:36:28","slug":"fel-milliardra-palyaznak","status":"publish","type":"post","link":"http:\/\/archiv.szolnoktv.hu\/?p=30489","title":{"rendered":"F\u00e9l milli\u00e1rdra p\u00e1ly\u00e1znak"},"content":{"rendered":"<div class='booster-block booster-read-block'><\/div><p>Megy\u00e9nk t\u00edz telep\u00fcl\u00e9s\u00e9nek, a Megyei \u00d6nkorm\u00e1nyzatnak \u00e9s M\u00fazeumnak vezet\u0151i \u00edrt\u00e1k al\u00e1 azt a meg\u00e1llapod\u00e1st, melynek keret\u00e9ben t\u00f6bb, mint 500 milli\u00f3 forintra p\u00e1ly\u00e1zik t\u00e9rs\u00e9g\u00fcnk. A &#8220;J\u00e1szkun kapit\u00e1nyok nyom\u00e1ban&#8221;&#8221; elnevez\u00e9s\u0171 p\u00e1ly\u00e1zat a megye kultur\u00e1lis \u00f6r\u00f6ks\u00e9g\u00e9nek fejleszt\u00e9s\u00e9t t\u0171zte c\u00e9lul.  &#8221;<br \/>\nA megye m\u00fazeumainak fel\u00faj\u00edt\u00e1sa -ahol kell- a f\u0171t\u00e9srendszer fejleszt\u00e9se, az \u00e9p\u00fclet homlokzat\u00e1nak rekonstrukci\u00f3ja &#8211; \u00faj, \u00e1lland\u00f3 ki\u00e1ll\u00edt\u00e1sok l\u00e9trehoz\u00e1sa, a megl\u00e9v\u0151 t\u00e1rlatok b\u0151v\u00edt\u00e9se csak n\u00e9h\u00e1ny azok k\u00f6z\u00fcl a lehet\u0151s\u00e9gek k\u00f6z\u00fcl, melyeket megval\u00f3s\u00edthat megy\u00e9nk, ha nyer a &#8220;J\u00e1szkun kapit\u00e1nyok nyom\u00e1ban&#8221;&#8221; elnevez\u00e9s\u0171 p\u00e1ly\u00e1zat. T\u00edz telep\u00fcl\u00e9s<br \/>\nvalamint a Megyei \u00d6nkorm\u00e1nyzat \u00e9s a Megyei M\u00fazeumok Igazgat\u00f3s\u00e1ga fogott \u00f6ssze t\u00e9rs\u00e9g\u00fcnk kultur\u00e1lis \u00f6r\u00f6ks\u00e9g\u00e9nek fejleszt\u00e9se \u00e9rdek\u00e9ben. A konzorcium egy\u00fcttm\u0171k\u00f6d\u00e9si meg\u00e1llapod\u00e1s\u00e1nak al\u00e1\u00edr\u00e1sakor elhagzott: egy olyan komplex m\u00fazeumi fejleszt\u00e9s a c\u00e9l<br \/>\nmelynek k\u00f6sz\u00f6nhet\u0151en m\u00e1r nem csak a term\u00e1l turizmus vagy a ker\u00e9kp\u00e1r\u00fat h\u00e1l\u00f3zat<\/p>\n","protected":false},"excerpt":{"rendered":"<p>Megy\u00e9nk t\u00edz telep\u00fcl\u00e9s\u00e9nek, a Megyei \u00d6nkorm\u00e1nyzatnak \u00e9s M\u00fazeumnak vezet\u0151i \u00edrt\u00e1k al\u00e1 azt a meg\u00e1llapod\u00e1st, melynek keret\u00e9ben t\u00f6bb, mint 500 milli\u00f3 forintra p\u00e1ly\u00e1zik t\u00e9rs\u00e9g\u00fcnk. A &#8220;J\u00e1szkun kapit\u00e1nyok nyom\u00e1ban&#8221;&#8221; elnevez\u00e9s\u0171 p\u00e1ly\u00e1zat a megye kultur\u00e1lis \u00f6r\u00f6ks\u00e9g\u00e9nek fejleszt\u00e9s\u00e9t t\u0171zte c\u00e9lul. &#8221; A megye m\u00fazeumainak fel\u00faj\u00edt\u00e1sa -ahol kell- a f\u0171t\u00e9srendszer fejleszt\u00e9se, az \u00e9p\u00fclet homlokzat\u00e1nak rekonstrukci\u00f3ja &#8211; \u00faj, \u00e1lland\u00f3 ki\u00e1ll\u00edt\u00e1sok l\u00e9trehoz\u00e1sa, [&hellip;]<\/p>\n","protected":false},"author":2,"featured_media":0,"comment_status":"open","ping_status":"open","sticky":false,"template":"","format":"standard","meta":[],"categories":[24],"tags":[],"_links":{"self":[{"href":"http:\/\/archiv.szolnoktv.hu\/index.php?rest_route=\/wp\/v2\/posts\/30489"}],"collection":[{"href":"http:\/\/archiv.szolnoktv.hu\/index.php?rest_route=\/wp\/v2\/posts"}],"about":[{"href":"http:\/\/archiv.szolnoktv.hu\/index.php?rest_route=\/wp\/v2\/types\/post"}],"author":[{"embeddable":true,"href":"http:\/\/archiv.szolnoktv.hu\/index.php?rest_route=\/wp\/v2\/users\/2"}],"replies":[{"embeddable":true,"href":"http:\/\/archiv.szolnoktv.hu\/index.php?rest_route=%2Fwp%2Fv2%2Fcomments&post=30489"}],"version-history":[{"count":1,"href":"http:\/\/archiv.szolnoktv.hu\/index.php?rest_route=\/wp\/v2\/posts\/30489\/revisions"}],"predecessor-version":[{"id":30558,"href":"http:\/\/archiv.szolnoktv.hu\/index.php?rest_route=\/wp\/v2\/posts\/30489\/revisions\/30558"}],"wp:attachment":[{"href":"http:\/\/archiv.szolnoktv.hu\/index.php?rest_route=%2Fwp%2Fv2%2Fmedia&parent=30489"}],"wp:term":[{"taxonomy":"category","embeddable":true,"href":"http:\/\/archiv.szolnoktv.hu\/index.php?rest_route=%2Fwp%2Fv2%2Fcategories&post=30489"},{"taxonomy":"post_tag","embeddable":true,"href":"http:\/\/archiv.szolnoktv.hu\/index.php?rest_route=%2Fwp%2Fv2%2Ftags&post=30489"}],"curies":[{"name":"wp","href":"https:\/\/api.w.org\/{rel}","templated":true}]}}