{"id":30487,"date":"2008-02-25T19:19:47","date_gmt":"2008-02-25T19:19:47","guid":{"rendered":"http:\/\/archiv.szolnoktv.hu\/?p=30487"},"modified":"2021-11-17T11:36:28","modified_gmt":"2021-11-17T11:36:28","slug":"a-laktanya-oroksege","status":"publish","type":"post","link":"http:\/\/archiv.szolnoktv.hu\/?p=30487","title":{"rendered":"A laktanya \u00f6r\u00f6ks\u00e9ge"},"content":{"rendered":"<div class='booster-block booster-read-block'><\/div><p>Felsz\u00e1molj\u00e1k. \u00c1llami t\u00e1mogat\u00e1ssal megsz\u00fcntetik a Bogl\u00e1rka \u00fati illeg\u00e1lis szem\u00e9tlerak\u00f3t. Az \u00f6nkorm\u00e1nyzat a k\u00f6rnyezetv\u00e9delmi miniszt\u00e9riumhoz ny\u00fajt be p\u00e1ly\u00e1zatot, a felsz\u00e1mol\u00e1shoz  5 milli\u00f3 forintos vissza nem t\u00e9r\u00edtend\u0151 t\u00e1mogat\u00e1st ig\u00e9nyelnek. Az \u00f6nr\u00e9sszel egy\u00fctt \u00edgy t\u00f6bb mint hat milli\u00f3 forint \u00e1ll majd rendelkez\u00e9s\u00fckre, ez azonban kev\u00e9s lesz a szem\u00e9tdomb teljes megsz\u00fcntet\u00e9s\u00e9re.<br \/>\nSzem\u00e9tlerak\u00e1s tilos! Figyelmeztet a h\u00e1zilag k\u00e9sz\u00fclt t\u00e1bla, olyb\u00e1 t\u0171nik mindhi\u00e1ba. A Bogl\u00e1rka \u00faton ugyanis tetemes mennyis\u00e9g\u0171 illeg\u00e1lis szem\u00e9t halmoz\u00f3dott fel. A valamikori szovjet laktanya lebont\u00e1s\u00e1b\u00f3l sz\u00e1rmaz\u00f3 \u00e9p\u00edt\u00e9si t\u00f6rmel\u00e9k hossz\u00fa ideje zavarja a k\u00f6rny\u00e9ken \u00e9l\u0151ket. Febru\u00e1r 21-\u00e9n d\u00f6nt\u00f6tt a v\u00e1rosi k\u00f6zgy\u0171l\u00e9s: \u00e1llami t\u00e1mogat\u00e1ssal felsz\u00e1molj\u00e1k az illeg\u00e1lis szem\u00e9tlerak\u00f3t. A p\u00e1ly\u00e1zatot a K\u00f6rnyezetv\u00e9delmi \u00e9s V\u00edz\u00fcgyi Miniszt\u00e9rium \u00edrta ki, az \u00f6nkorm\u00e1nyzat az egymilli\u00f3 kett\u0151sz\u00e1z\u00f6tvenezres \u00f6nr\u00e9szhez \u00f6tmilli\u00f3 forintot ig\u00e9nyelt. Ha nyernek is a p\u00e1ly\u00e1zaton, a rendelkez\u00e9sre \u00e1ll\u00f3 t\u00f6bb mint hat milli\u00f3 forint a szem\u00e9tdomb r\u00e9szleges felsz\u00e1mol\u00e1s\u00e1ra lesz csak el\u00e9g, a teljes megsz\u00fcntet\u00e9shez enn\u00e9l t\u00f6bb p\u00e9nz kellene. &#8211; mondta az Aktu\u00e1lis k\u00e9rd\u00e9sre Simon G\u00e1bor a V\u00e1rosfejleszt\u00e9si Oszt\u00e1ly vezet\u0151je. Az \u00f6nkorm\u00e1nyzatnak nemcsak a szem\u00e9tlerak\u00f3k megsz\u00fcntet\u00e9se, hanem az ism\u00e9tl\u0151d\u0151 lerak\u00e1sok megakad\u00e1lyoz\u00e1sa is kiemelten fontos c\u00e9lja. Nemcsak itt, a Bogl\u00e1rka \u00faton, hanem a v\u00e1ros t\u00f6bbi pontj\u00e1n is.<\/p>\n<p><\/p>\n","protected":false},"excerpt":{"rendered":"<p>Felsz\u00e1molj\u00e1k. \u00c1llami t\u00e1mogat\u00e1ssal megsz\u00fcntetik a Bogl\u00e1rka \u00fati illeg\u00e1lis szem\u00e9tlerak\u00f3t. Az \u00f6nkorm\u00e1nyzat a k\u00f6rnyezetv\u00e9delmi miniszt\u00e9riumhoz ny\u00fajt be p\u00e1ly\u00e1zatot, a felsz\u00e1mol\u00e1shoz 5 milli\u00f3 forintos vissza nem t\u00e9r\u00edtend\u0151 t\u00e1mogat\u00e1st ig\u00e9nyelnek. Az \u00f6nr\u00e9sszel egy\u00fctt \u00edgy t\u00f6bb mint hat milli\u00f3 forint \u00e1ll majd rendelkez\u00e9s\u00fckre, ez azonban kev\u00e9s lesz a szem\u00e9tdomb teljes megsz\u00fcntet\u00e9s\u00e9re. Szem\u00e9tlerak\u00e1s tilos! Figyelmeztet a h\u00e1zilag k\u00e9sz\u00fclt t\u00e1bla, olyb\u00e1 [&hellip;]<\/p>\n","protected":false},"author":2,"featured_media":0,"comment_status":"open","ping_status":"open","sticky":false,"template":"","format":"standard","meta":[],"categories":[24],"tags":[],"_links":{"self":[{"href":"http:\/\/archiv.szolnoktv.hu\/index.php?rest_route=\/wp\/v2\/posts\/30487"}],"collection":[{"href":"http:\/\/archiv.szolnoktv.hu\/index.php?rest_route=\/wp\/v2\/posts"}],"about":[{"href":"http:\/\/archiv.szolnoktv.hu\/index.php?rest_route=\/wp\/v2\/types\/post"}],"author":[{"embeddable":true,"href":"http:\/\/archiv.szolnoktv.hu\/index.php?rest_route=\/wp\/v2\/users\/2"}],"replies":[{"embeddable":true,"href":"http:\/\/archiv.szolnoktv.hu\/index.php?rest_route=%2Fwp%2Fv2%2Fcomments&post=30487"}],"version-history":[{"count":1,"href":"http:\/\/archiv.szolnoktv.hu\/index.php?rest_route=\/wp\/v2\/posts\/30487\/revisions"}],"predecessor-version":[{"id":30560,"href":"http:\/\/archiv.szolnoktv.hu\/index.php?rest_route=\/wp\/v2\/posts\/30487\/revisions\/30560"}],"wp:attachment":[{"href":"http:\/\/archiv.szolnoktv.hu\/index.php?rest_route=%2Fwp%2Fv2%2Fmedia&parent=30487"}],"wp:term":[{"taxonomy":"category","embeddable":true,"href":"http:\/\/archiv.szolnoktv.hu\/index.php?rest_route=%2Fwp%2Fv2%2Fcategories&post=30487"},{"taxonomy":"post_tag","embeddable":true,"href":"http:\/\/archiv.szolnoktv.hu\/index.php?rest_route=%2Fwp%2Fv2%2Ftags&post=30487"}],"curies":[{"name":"wp","href":"https:\/\/api.w.org\/{rel}","templated":true}]}}