{"id":30486,"date":"2008-02-25T19:17:46","date_gmt":"2008-02-25T19:17:46","guid":{"rendered":"http:\/\/archiv.szolnoktv.hu\/?p=30486"},"modified":"2021-11-17T11:36:28","modified_gmt":"2021-11-17T11:36:28","slug":"buszra-csabitanak","status":"publish","type":"post","link":"http:\/\/archiv.szolnoktv.hu\/?p=30486","title":{"rendered":"Buszra cs\u00e1b\u00edtanak"},"content":{"rendered":"<div class='booster-block booster-read-block'><\/div><p>Utasbar\u00e1t fejleszt\u00e9sek. K\u00f6z\u00f6s beruh\u00e1z\u00e1st tervez a szolnoki \u00f6nkorm\u00e1nyzat \u00e9s a J\u00e1szkun Vol\u00e1n. Az aut\u00f3busz\u00f6bl\u00f6k fel\u00faj\u00edt\u00e1sa, valamint az intelligens utast\u00e1j\u00e9koztat\u00f3 rendszer bevezet\u00e9se p\u00e1ly\u00e1zati forr\u00e1sb\u00f3l val\u00f3sulna meg m\u00e9g ebben az \u00e9vben.<br \/>\nEgyel\u0151re nincs t\u00fal sok k\u00fcl\u00f6nbs\u00e9g a szolnoki buszmeg\u00e1ll\u00f3k k\u00f6z\u00f6tt, az utasok t\u00e1j\u00e9koztat\u00e1s\u00e1t a k\u00f6zleked\u00e9si t\u00e1rsas\u00e1g igyekszik j\u00f3l l\u00e1that\u00f3 m\u00f3don megoldani. Ez azonban a menetrendi inform\u00e1ci\u00f3kon t\u00fal m\u00e1s k\u00f6zl\u00e9sre nem igaz\u00e1n alkalmas. L\u00e9tezik azonban megold\u00e1s, ez az \u00fagynevezett dinamikus, vagy intelligens meg\u00e1ll\u00f3. Ebb\u0151l az orsz\u00e1gban eddig mind\u00f6ssze hat, a f\u0151v\u00e1rosban n\u00e9gy \u00e9s P\u00e9csen kett\u0151 m\u0171k\u00f6dik, a megyesz\u00e9khelyen viszont nyolcat \u00e1ll\u00edtan\u00e1nak \u00fczembe. Egyel\u0151re a legforgalmasabb meg\u00e1ll\u00f3k kapn\u00e1nak intelligens t\u00e1j\u00e9koztat\u00f3 rendszert, \u00edgy az \u00faj aut\u00f3buszp\u00e1lyaudvaron k\u00edv\u00fcl p\u00e9ld\u00e1ul a piacn\u00e1l, a feh\u00e9r h\u00e1zn\u00e1l \u00e9s a tiszaligeti lej\u00e1r\u00f3n\u00e1l l\u00e9v\u0151 k\u00e9t-k\u00e9t buszv\u00e1r\u00f3. Az \u00f6nkorm\u00e1nyzat \u00e9s a J\u00e1szkun Vol\u00e1n azzal is tiszt\u00e1ban van, hogy a v\u00e1ros k\u00fcls\u0151 ter\u00fcletein nem egy busz\u00f6b\u00f6l \u00e1llapota hagy n\u00e9mi k\u00edv\u00e1nnival\u00f3t maga ut\u00e1n. A tervezett fel\u00faj\u00edt\u00e1s t\u00f6bb mint 30 meg\u00e1ll\u00f3t \u00e9rint.<\/p>\n","protected":false},"excerpt":{"rendered":"<p>Utasbar\u00e1t fejleszt\u00e9sek. K\u00f6z\u00f6s beruh\u00e1z\u00e1st tervez a szolnoki \u00f6nkorm\u00e1nyzat \u00e9s a J\u00e1szkun Vol\u00e1n. Az aut\u00f3busz\u00f6bl\u00f6k fel\u00faj\u00edt\u00e1sa, valamint az intelligens utast\u00e1j\u00e9koztat\u00f3 rendszer bevezet\u00e9se p\u00e1ly\u00e1zati forr\u00e1sb\u00f3l val\u00f3sulna meg m\u00e9g ebben az \u00e9vben. Egyel\u0151re nincs t\u00fal sok k\u00fcl\u00f6nbs\u00e9g a szolnoki buszmeg\u00e1ll\u00f3k k\u00f6z\u00f6tt, az utasok t\u00e1j\u00e9koztat\u00e1s\u00e1t a k\u00f6zleked\u00e9si t\u00e1rsas\u00e1g igyekszik j\u00f3l l\u00e1that\u00f3 m\u00f3don megoldani. Ez azonban a menetrendi inform\u00e1ci\u00f3kon t\u00fal [&hellip;]<\/p>\n","protected":false},"author":2,"featured_media":0,"comment_status":"open","ping_status":"open","sticky":false,"template":"","format":"standard","meta":[],"categories":[24],"tags":[],"_links":{"self":[{"href":"http:\/\/archiv.szolnoktv.hu\/index.php?rest_route=\/wp\/v2\/posts\/30486"}],"collection":[{"href":"http:\/\/archiv.szolnoktv.hu\/index.php?rest_route=\/wp\/v2\/posts"}],"about":[{"href":"http:\/\/archiv.szolnoktv.hu\/index.php?rest_route=\/wp\/v2\/types\/post"}],"author":[{"embeddable":true,"href":"http:\/\/archiv.szolnoktv.hu\/index.php?rest_route=\/wp\/v2\/users\/2"}],"replies":[{"embeddable":true,"href":"http:\/\/archiv.szolnoktv.hu\/index.php?rest_route=%2Fwp%2Fv2%2Fcomments&post=30486"}],"version-history":[{"count":1,"href":"http:\/\/archiv.szolnoktv.hu\/index.php?rest_route=\/wp\/v2\/posts\/30486\/revisions"}],"predecessor-version":[{"id":30561,"href":"http:\/\/archiv.szolnoktv.hu\/index.php?rest_route=\/wp\/v2\/posts\/30486\/revisions\/30561"}],"wp:attachment":[{"href":"http:\/\/archiv.szolnoktv.hu\/index.php?rest_route=%2Fwp%2Fv2%2Fmedia&parent=30486"}],"wp:term":[{"taxonomy":"category","embeddable":true,"href":"http:\/\/archiv.szolnoktv.hu\/index.php?rest_route=%2Fwp%2Fv2%2Fcategories&post=30486"},{"taxonomy":"post_tag","embeddable":true,"href":"http:\/\/archiv.szolnoktv.hu\/index.php?rest_route=%2Fwp%2Fv2%2Ftags&post=30486"}],"curies":[{"name":"wp","href":"https:\/\/api.w.org\/{rel}","templated":true}]}}