{"id":30485,"date":"2008-02-25T19:14:27","date_gmt":"2008-02-25T19:14:27","guid":{"rendered":"http:\/\/archiv.szolnoktv.hu\/?p=30485"},"modified":"2021-11-17T11:36:28","modified_gmt":"2021-11-17T11:36:28","slug":"folytatodik-a-kotelhuzas","status":"publish","type":"post","link":"http:\/\/archiv.szolnoktv.hu\/?p=30485","title":{"rendered":"Folytat\u00f3dik a k\u00f6t\u00e9lh\u00faz\u00e1s"},"content":{"rendered":"<div class='booster-block booster-read-block'><\/div><p>R\u00f6vidke sztr\u00e1jk. Reggel 9-kor felf\u00fcggesztette a vas\u00e1rnap meghirdetett sztr\u00e1jkj\u00e1t a Vas\u00fati Dolgoz\u00f3k Szabad Szakszervezete. Az utasok azonban egyre nehezebben viselik az \u00fajabb \u00e9s \u00fajabb munkabesz\u00fcntet\u00e9seket.<br \/>\nA mai t\u00e1rgyal\u00e1sok miatt reggel kilenckor felf\u00fcggesztette a vas\u00e1rnap meghirdetett orsz\u00e1gos sztr\u00e1jkj\u00e1t a Vas\u00fati Dolgoz\u00f3k Szabad Szakszervezete. A dolgoz\u00f3k k\u00f6vetel\u00e9sei h\u00f3napok \u00f3ta v\u00e1ltozatlanok. Az els\u0151 figyelmeztet\u0151 sztr\u00e1jkot 2007. november 7-\u00e9n reggel 6 \u00e9s 8 \u00f3ra k\u00f6z\u00f6tt tartott\u00e1k. Ezt november 21-\u00e9n, majd december 17-\u00e9n \u00fajabb sztr\u00e1jk k\u00f6vette. Mivel nem siker\u00fclt \u00e9v v\u00e9g\u00e9ig meg\u00e1llapodni, \u00edgy a sorozat id\u00e9n is folytat\u00f3dott. Febru\u00e1r elsej\u00e9n hajnali h\u00e1romt\u00f3l d\u00e9lig tartott a munkabesz\u00fcntet\u00e9s, majd k\u00f6vetkezett egy h\u00e1rom napos, negyedik\u00e9t\u0151l hetedik\u00e9ig, v\u00e9g\u00fcl pedig a mai. Mivel ez az elm\u00falt n\u00e9gy h\u00f3nap alatt a hatodik sztr\u00e1jk, az utasok egyre kev\u00e9sb\u00e9 tudj\u00e1k m\u00e1r k\u00f6vetni, hogy mikor utazhatnak, \u00e9s mikor nem, \u00e9s az idulatok is egyre hevesebbek. A szakszervezet nem \u00e1rulta el, mikor sz\u00e1m\u00edthatunk a k\u00f6vetkez\u0151 munkabesz\u00fcntet\u00e9sre. A M\u00c1V-n\u00e1l pedig azt mondt\u00e1k, hogy sikertelen t\u00e1rgyal\u00e1s \u00e9s \u00fajabb sztr\u00e1jk eset\u00e9n a sajt\u00f3 \u00fatj\u00e1n, illetve az inform\u00e1ci\u00f3n\u00e1l mindenk\u00e9ppen t\u00e1j\u00e9koztatj\u00e1k az utasokat. Nagy Lajosn\u00e9, a Szolnoki Start vezet\u0151 \u00fcgyviv\u0151je elmondta, Szolnokon a menetrend szerinti k\u00f6zleked\u00e9s a d\u00e9lut\u00e1ni \u00f3r\u00e1kra helyre\u00e1llt a vas\u00faton.<\/p>\n","protected":false},"excerpt":{"rendered":"<p>R\u00f6vidke sztr\u00e1jk. Reggel 9-kor felf\u00fcggesztette a vas\u00e1rnap meghirdetett sztr\u00e1jkj\u00e1t a Vas\u00fati Dolgoz\u00f3k Szabad Szakszervezete. Az utasok azonban egyre nehezebben viselik az \u00fajabb \u00e9s \u00fajabb munkabesz\u00fcntet\u00e9seket. A mai t\u00e1rgyal\u00e1sok miatt reggel kilenckor felf\u00fcggesztette a vas\u00e1rnap meghirdetett orsz\u00e1gos sztr\u00e1jkj\u00e1t a Vas\u00fati Dolgoz\u00f3k Szabad Szakszervezete. A dolgoz\u00f3k k\u00f6vetel\u00e9sei h\u00f3napok \u00f3ta v\u00e1ltozatlanok. Az els\u0151 figyelmeztet\u0151 sztr\u00e1jkot 2007. november 7-\u00e9n [&hellip;]<\/p>\n","protected":false},"author":2,"featured_media":0,"comment_status":"open","ping_status":"open","sticky":false,"template":"","format":"standard","meta":[],"categories":[24],"tags":[],"_links":{"self":[{"href":"http:\/\/archiv.szolnoktv.hu\/index.php?rest_route=\/wp\/v2\/posts\/30485"}],"collection":[{"href":"http:\/\/archiv.szolnoktv.hu\/index.php?rest_route=\/wp\/v2\/posts"}],"about":[{"href":"http:\/\/archiv.szolnoktv.hu\/index.php?rest_route=\/wp\/v2\/types\/post"}],"author":[{"embeddable":true,"href":"http:\/\/archiv.szolnoktv.hu\/index.php?rest_route=\/wp\/v2\/users\/2"}],"replies":[{"embeddable":true,"href":"http:\/\/archiv.szolnoktv.hu\/index.php?rest_route=%2Fwp%2Fv2%2Fcomments&post=30485"}],"version-history":[{"count":1,"href":"http:\/\/archiv.szolnoktv.hu\/index.php?rest_route=\/wp\/v2\/posts\/30485\/revisions"}],"predecessor-version":[{"id":30562,"href":"http:\/\/archiv.szolnoktv.hu\/index.php?rest_route=\/wp\/v2\/posts\/30485\/revisions\/30562"}],"wp:attachment":[{"href":"http:\/\/archiv.szolnoktv.hu\/index.php?rest_route=%2Fwp%2Fv2%2Fmedia&parent=30485"}],"wp:term":[{"taxonomy":"category","embeddable":true,"href":"http:\/\/archiv.szolnoktv.hu\/index.php?rest_route=%2Fwp%2Fv2%2Fcategories&post=30485"},{"taxonomy":"post_tag","embeddable":true,"href":"http:\/\/archiv.szolnoktv.hu\/index.php?rest_route=%2Fwp%2Fv2%2Ftags&post=30485"}],"curies":[{"name":"wp","href":"https:\/\/api.w.org\/{rel}","templated":true}]}}