{"id":30484,"date":"2008-02-24T19:33:49","date_gmt":"2008-02-24T19:33:49","guid":{"rendered":"http:\/\/archiv.szolnoktv.hu\/?p=30484"},"modified":"2021-11-17T11:36:28","modified_gmt":"2021-11-17T11:36:28","slug":"fohajtas-az-aldozatok-elott","status":"publish","type":"post","link":"http:\/\/archiv.szolnoktv.hu\/?p=30484","title":{"rendered":"F\u0151hajt\u00e1s az \u00e1ldozatok el\u0151tt"},"content":{"rendered":"<div class='booster-block booster-read-block'><\/div><p>Ferbu\u00e1r 25. a kommunizmus \u00e1ldozatainak eml\u00e9knapja. R\u00e1juk, a diktat\u00far\u00e1ban elesettekre eml\u00e9keztek ma a Tisza Sz\u00e1ll\u00f3n\u00e1l.<br \/>\n2000 j\u00fanius 13-\u00e1n az Orsz\u00e1ggy\u0171l\u00e9s \u00fagy d\u00f6nt\u00f6tt, hogy febru\u00e1r 25. a kommunizmus \u00e1ldozatainak eml\u00e9knapja. Az\u00f3ta minden \u00e9vben orsz\u00e1gszerte megeml\u00e9kez\u00e9seket szerveznek az elesettek tisztelet\u00e9re. Ezen a napon, 1947 febru\u00e1r 25-\u00e9n a megsz\u00e1ll\u00f3 szovjet katonai hat\u00f3s\u00e1gok jogtalanul letart\u00f3ztatt\u00e1k Kov\u00e1cs B\u00e9l\u00e1t, a F\u00fcggetlen Kisgazdap\u00e1rt f\u0151titk\u00e1r\u00e1t. Haz\u00e1nkban a szovjeturalom ezzel az esem\u00e9nnyel kezd\u0151d\u00f6tt. A kommunista diktat\u00far\u00e1t nemcsak Magyarorsz\u00e1g szenvedte meg. Vil\u00e1gszerte t\u00f6bb t\u00edzmilli\u00f3 embert v\u00e9geztek ki, csak mert m\u00e1shogy gondolkodtak, hangzott el a Tisza Sz\u00e1ll\u00f3 el\u0151tti megeml\u00e9kez\u00e9sen. A szolnoki \u00e1ldozatok tisztelet\u00e9re emelt t\u00e1bl\u00e1t a v\u00e1rosi, a megyei \u00f6nkorm\u00e1nyzat, valamint a Fidesz KDNP \u00e9s az MDF helyi szervezete, tov\u00e1bb\u00e1 a Szolnoki Polg\u00e1ri K\u00f6r\u00f6k tagjai is megkoszor\u00fazt\u00e1k.<\/p>\n","protected":false},"excerpt":{"rendered":"<p>Ferbu\u00e1r 25. a kommunizmus \u00e1ldozatainak eml\u00e9knapja. R\u00e1juk, a diktat\u00far\u00e1ban elesettekre eml\u00e9keztek ma a Tisza Sz\u00e1ll\u00f3n\u00e1l. 2000 j\u00fanius 13-\u00e1n az Orsz\u00e1ggy\u0171l\u00e9s \u00fagy d\u00f6nt\u00f6tt, hogy febru\u00e1r 25. a kommunizmus \u00e1ldozatainak eml\u00e9knapja. Az\u00f3ta minden \u00e9vben orsz\u00e1gszerte megeml\u00e9kez\u00e9seket szerveznek az elesettek tisztelet\u00e9re. Ezen a napon, 1947 febru\u00e1r 25-\u00e9n a megsz\u00e1ll\u00f3 szovjet katonai hat\u00f3s\u00e1gok jogtalanul letart\u00f3ztatt\u00e1k Kov\u00e1cs B\u00e9l\u00e1t, a F\u00fcggetlen [&hellip;]<\/p>\n","protected":false},"author":2,"featured_media":0,"comment_status":"open","ping_status":"open","sticky":false,"template":"","format":"standard","meta":[],"categories":[24],"tags":[],"_links":{"self":[{"href":"http:\/\/archiv.szolnoktv.hu\/index.php?rest_route=\/wp\/v2\/posts\/30484"}],"collection":[{"href":"http:\/\/archiv.szolnoktv.hu\/index.php?rest_route=\/wp\/v2\/posts"}],"about":[{"href":"http:\/\/archiv.szolnoktv.hu\/index.php?rest_route=\/wp\/v2\/types\/post"}],"author":[{"embeddable":true,"href":"http:\/\/archiv.szolnoktv.hu\/index.php?rest_route=\/wp\/v2\/users\/2"}],"replies":[{"embeddable":true,"href":"http:\/\/archiv.szolnoktv.hu\/index.php?rest_route=%2Fwp%2Fv2%2Fcomments&post=30484"}],"version-history":[{"count":1,"href":"http:\/\/archiv.szolnoktv.hu\/index.php?rest_route=\/wp\/v2\/posts\/30484\/revisions"}],"predecessor-version":[{"id":30563,"href":"http:\/\/archiv.szolnoktv.hu\/index.php?rest_route=\/wp\/v2\/posts\/30484\/revisions\/30563"}],"wp:attachment":[{"href":"http:\/\/archiv.szolnoktv.hu\/index.php?rest_route=%2Fwp%2Fv2%2Fmedia&parent=30484"}],"wp:term":[{"taxonomy":"category","embeddable":true,"href":"http:\/\/archiv.szolnoktv.hu\/index.php?rest_route=%2Fwp%2Fv2%2Fcategories&post=30484"},{"taxonomy":"post_tag","embeddable":true,"href":"http:\/\/archiv.szolnoktv.hu\/index.php?rest_route=%2Fwp%2Fv2%2Ftags&post=30484"}],"curies":[{"name":"wp","href":"https:\/\/api.w.org\/{rel}","templated":true}]}}