{"id":30482,"date":"2008-02-24T18:10:45","date_gmt":"2008-02-24T18:10:45","guid":{"rendered":"http:\/\/archiv.szolnoktv.hu\/?p=30482"},"modified":"2021-11-17T11:36:28","modified_gmt":"2021-11-17T11:36:28","slug":"diplomaoszto-3","status":"publish","type":"post","link":"http:\/\/archiv.szolnoktv.hu\/?p=30482","title":{"rendered":"Diplomaoszt\u00f3"},"content":{"rendered":"<div class='booster-block booster-read-block'><\/div><p>Kis diplomaoszt\u00f3. \u00cdgy nevezik a Szolnoki F&#245;iskol\u00e1n a febru\u00e1ri diploma-kioszt\u00f3t. Szombaton d\u00e9lel&#245;tt alapk\u00e9pz\u00e9sben 110-en, feln&#245;ttk\u00e9pz\u00e9sben pedig 20-an vehett\u00e9k \u00e1t oklevel\u00fcket.<br \/>\nSzombaton rendezt\u00e9k meg a Szolnoki F&#245;iskola febru\u00e1ri &#8211; illetve ahogy f&#245;iskol\u00e1s k\u00f6r\u00f6kben h\u00edvj\u00e1k &#8211; a kis diploma-kioszt\u00f3j\u00e1t. Az \u00fczleti fakult\u00e1zs alapszakjain, \u00e9s a feln&#245;ttk\u00e9pz\u00e9sben r\u00e9szt vev&#245; hallgat\u00f3k vehett\u00e9k \u00e1t oklevel\u00fcket a f&#245;iskola tiszaligeti  sportcsarnok\u00e1ban. Sz\u00e9kely P\u00e9ter rektor szerint a friss diplom\u00e1soknak j\u00f3 es\u00e9ly\u00fck van az elhelyezked\u00e9sre. A tapasztalatok szerint azok a hallgat\u00f3k, akik nem tudnak r\u00f6gt\u00f6n szakk\u00e9pzetts\u00e9g\u00fcknek megfelel&#245; \u00e1ll\u00e1shelyet tal\u00e1lni, 2-3 h\u00f3napon bel\u00fcl el tudnak helyezkedni. Az \u00e1ltalunk megk\u00e9rdezett v\u00e9gz&#245;s hallgat\u00f3knak nem is voltak agg\u00e1lyaik a j\u00f6v&#245;t illet&#245;en. Sajnos a nyelvi k\u00f6vetelm\u00e9nyek miatt a z\u00e1r\u00f3vizsg\u00e1t tett hallgat\u00f3k k\u00f6zel harmada kaphatott diplom\u00e1t. Febru\u00e1rban \u00f6sszesen 382-en z\u00e1rt\u00e1k le tanulm\u00e1nyaikat, \u00e9s ebb&#245;l alapk\u00e9pz\u00e9sben 110, feln&#245;ttk\u00e9pz\u00e9sben 20 hallgat\u00f3 vehette \u00e1t az oklevelet.<\/p>\n","protected":false},"excerpt":{"rendered":"<p>Kis diplomaoszt\u00f3. \u00cdgy nevezik a Szolnoki F&#245;iskol\u00e1n a febru\u00e1ri diploma-kioszt\u00f3t. Szombaton d\u00e9lel&#245;tt alapk\u00e9pz\u00e9sben 110-en, feln&#245;ttk\u00e9pz\u00e9sben pedig 20-an vehett\u00e9k \u00e1t oklevel\u00fcket. Szombaton rendezt\u00e9k meg a Szolnoki F&#245;iskola febru\u00e1ri &#8211; illetve ahogy f&#245;iskol\u00e1s k\u00f6r\u00f6kben h\u00edvj\u00e1k &#8211; a kis diploma-kioszt\u00f3j\u00e1t. Az \u00fczleti fakult\u00e1zs alapszakjain, \u00e9s a feln&#245;ttk\u00e9pz\u00e9sben r\u00e9szt vev&#245; hallgat\u00f3k vehett\u00e9k \u00e1t oklevel\u00fcket a f&#245;iskola tiszaligeti sportcsarnok\u00e1ban. Sz\u00e9kely [&hellip;]<\/p>\n","protected":false},"author":2,"featured_media":0,"comment_status":"open","ping_status":"open","sticky":false,"template":"","format":"standard","meta":[],"categories":[24],"tags":[],"_links":{"self":[{"href":"http:\/\/archiv.szolnoktv.hu\/index.php?rest_route=\/wp\/v2\/posts\/30482"}],"collection":[{"href":"http:\/\/archiv.szolnoktv.hu\/index.php?rest_route=\/wp\/v2\/posts"}],"about":[{"href":"http:\/\/archiv.szolnoktv.hu\/index.php?rest_route=\/wp\/v2\/types\/post"}],"author":[{"embeddable":true,"href":"http:\/\/archiv.szolnoktv.hu\/index.php?rest_route=\/wp\/v2\/users\/2"}],"replies":[{"embeddable":true,"href":"http:\/\/archiv.szolnoktv.hu\/index.php?rest_route=%2Fwp%2Fv2%2Fcomments&post=30482"}],"version-history":[{"count":1,"href":"http:\/\/archiv.szolnoktv.hu\/index.php?rest_route=\/wp\/v2\/posts\/30482\/revisions"}],"predecessor-version":[{"id":30565,"href":"http:\/\/archiv.szolnoktv.hu\/index.php?rest_route=\/wp\/v2\/posts\/30482\/revisions\/30565"}],"wp:attachment":[{"href":"http:\/\/archiv.szolnoktv.hu\/index.php?rest_route=%2Fwp%2Fv2%2Fmedia&parent=30482"}],"wp:term":[{"taxonomy":"category","embeddable":true,"href":"http:\/\/archiv.szolnoktv.hu\/index.php?rest_route=%2Fwp%2Fv2%2Fcategories&post=30482"},{"taxonomy":"post_tag","embeddable":true,"href":"http:\/\/archiv.szolnoktv.hu\/index.php?rest_route=%2Fwp%2Fv2%2Ftags&post=30482"}],"curies":[{"name":"wp","href":"https:\/\/api.w.org\/{rel}","templated":true}]}}