{"id":30481,"date":"2008-02-24T18:02:44","date_gmt":"2008-02-24T18:02:44","guid":{"rendered":"http:\/\/archiv.szolnoktv.hu\/?p=30481"},"modified":"2021-11-17T11:36:28","modified_gmt":"2021-11-17T11:36:28","slug":"orban-viktor-szolnokon-3","status":"publish","type":"post","link":"http:\/\/archiv.szolnoktv.hu\/?p=30481","title":{"rendered":"Orb\u00e1n Viktor Szolnokon"},"content":{"rendered":"<div class='booster-block booster-read-block'><\/div><p>Vesz\u00e9lyes az otthonmarad\u00e1s. Mindezt a fidesz eln\u00f6ke a n\u00e9pszavaz\u00e1ssal kapcsolatban mondta Szolnokon. Orb\u00e1n Viktor \u00fagy l\u00e1tja, ha az emberek nem nyilv\u00e1n\u00edtanak v\u00e9lem\u00e9nyt, akkor ezzel felhatalmaz\u00e1st adnak a korm\u00e1nynak, arra, hogy tov\u00e1bbra is semmibe vegye akaratukat.<br \/>\nA Fidesz eln\u00f6ke szombaton Szolnokon folytatta orsz\u00e1gj\u00e1r\u00f3 k\u00f6r\u00fatj\u00e1t. Programja elej\u00e9n Orb\u00e1n Viktor a Sz\u00e9chenyi lak\u00f3telepen \u00e9l&#245; h\u00e1rmasikreket l\u00e1togatta meg. Mint ismert, a csal\u00e1d nem tudta kifizetni a korasz\u00fcl\u00f6tt bab\u00e1k immuner&#245;s\u00edt&#245;gy\u00f3gyszer\u00e9t. Ez\u00e9rt a polg\u00e1rmester kezdem\u00e9nyez\u00e9s\u00e9re lakoss\u00e1gi gy&#251;jt\u00e9s indult. Az \u00edgy, \u00f6sszej\u00f6tt 140 ezer forintb\u00f3l beadhatt\u00e1k a biztos\u00edt\u00f3 \u00e1ltal nem t\u00e1mogatott vakcin\u00e1t a gyerekeknek. Mint Orb\u00e1n Viktor elmondta: &#8222;Az\u00e9rt az sem helyes, hogy ha az Eur\u00f3p\u00e1ban kir\u00edv\u00f3an magas ad\u00f3k\u00e9rt \u00e9s j\u00e1rul\u00e9kok\u00e9rt cser\u00e9be az ilyen helyzeteket nem tudja kezelni az eg\u00e9szs\u00e9g\u00fcgyi korm\u00e1nyzat, eg\u00e9szs\u00e9g\u00fcgyi rendszer.&#8221; <\/p>\n<p>A fidesz eln\u00f6ke  szerint a 2006-os v\u00e1laszt\u00e1s el&#245;tt mindk\u00e9t nagy p\u00e1rt egyet\u00e9rtett abban, hogy nincs sz\u00fcks\u00e9g sem a vizit, sem pedig a k\u00f3rh\u00e1zi napid\u00edjra. Err&#245;l  a Szolnok Telev\u00edzi\u00f3 &#8222;F\u00f3rum extra&#8221; c\u00edm&#251; m&#251;sor\u00e1ban is besz\u00e9lt Orb\u00e1n Viktor. A p\u00e1rteln\u00f6k szerint: &#8222; Volt egy meg\u00e1llapod\u00e1s, teh\u00e1t itt most arr\u00f3l is besz\u00e9l\u00fcnk, hogy a korm\u00e1ny  semmibe vette az emberek v\u00e9lem\u00e9ny\u00e9t, nem sz\u00e1m\u00edt, hogy mit gondolunk, azt eg\u00e9sz durva m\u00f3don el is mondj\u00e1k, majd tiltakoztok, azt\u00e1n hazamentek. Teh\u00e1t, az a helyzet, hogy ha belet\u00f6r&#245;d\u00fcnk ezekbe az int\u00e9zked\u00e9sekbe, azt is kifejezz\u00fck, vel\u00fcnk Magyarosz\u00e1gon b\u00e1rmit meg lehet tenni, arr\u00f3l nem besz\u00e9lve, hogy egy t\u00e1rsadalmi ellen\u00e1ll\u00e1s k\u00f6zepette vezette be a korm\u00e1ny a vizitd\u00edjat meg a k\u00f3rh\u00e1zi napid\u00edjat, de ha ut\u00f3lag megkapja a felhatalmaz\u00e1st, akkor nem 300 lesz a vizitd\u00edj, legt\u00f6bb helyen ma se annyi egy\u00e9bk\u00e9nt, ez f\u00f6l fog menni bizony 1000 Ft-ig \u00e9s a tand\u00edj is megemelkedik.&#8221; <\/p>\n<p>A Fidesz eln\u00f6ke \u00fagy l\u00e1tja, a m\u00e1rcius 9-i n\u00e9pszavaz\u00e1skor az emberek helyre\u00e1ll\u00edthatj\u00e1k ezt a t\u00e1rsadalmi szerz&#245;d\u00e9st. Ha, ezt nem teszik meg, akkor ezzel vesz\u00e9lyeztetik az eg\u00e9szs\u00e9g\u00fcket \u00e9s a biztons\u00e1gukat.<\/p>\n","protected":false},"excerpt":{"rendered":"<p>Vesz\u00e9lyes az otthonmarad\u00e1s. Mindezt a fidesz eln\u00f6ke a n\u00e9pszavaz\u00e1ssal kapcsolatban mondta Szolnokon. Orb\u00e1n Viktor \u00fagy l\u00e1tja, ha az emberek nem nyilv\u00e1n\u00edtanak v\u00e9lem\u00e9nyt, akkor ezzel felhatalmaz\u00e1st adnak a korm\u00e1nynak, arra, hogy tov\u00e1bbra is semmibe vegye akaratukat. A Fidesz eln\u00f6ke szombaton Szolnokon folytatta orsz\u00e1gj\u00e1r\u00f3 k\u00f6r\u00fatj\u00e1t. Programja elej\u00e9n Orb\u00e1n Viktor a Sz\u00e9chenyi lak\u00f3telepen \u00e9l&#245; h\u00e1rmasikreket l\u00e1togatta meg. Mint [&hellip;]<\/p>\n","protected":false},"author":2,"featured_media":0,"comment_status":"open","ping_status":"open","sticky":false,"template":"","format":"standard","meta":[],"categories":[24],"tags":[],"_links":{"self":[{"href":"http:\/\/archiv.szolnoktv.hu\/index.php?rest_route=\/wp\/v2\/posts\/30481"}],"collection":[{"href":"http:\/\/archiv.szolnoktv.hu\/index.php?rest_route=\/wp\/v2\/posts"}],"about":[{"href":"http:\/\/archiv.szolnoktv.hu\/index.php?rest_route=\/wp\/v2\/types\/post"}],"author":[{"embeddable":true,"href":"http:\/\/archiv.szolnoktv.hu\/index.php?rest_route=\/wp\/v2\/users\/2"}],"replies":[{"embeddable":true,"href":"http:\/\/archiv.szolnoktv.hu\/index.php?rest_route=%2Fwp%2Fv2%2Fcomments&post=30481"}],"version-history":[{"count":1,"href":"http:\/\/archiv.szolnoktv.hu\/index.php?rest_route=\/wp\/v2\/posts\/30481\/revisions"}],"predecessor-version":[{"id":30566,"href":"http:\/\/archiv.szolnoktv.hu\/index.php?rest_route=\/wp\/v2\/posts\/30481\/revisions\/30566"}],"wp:attachment":[{"href":"http:\/\/archiv.szolnoktv.hu\/index.php?rest_route=%2Fwp%2Fv2%2Fmedia&parent=30481"}],"wp:term":[{"taxonomy":"category","embeddable":true,"href":"http:\/\/archiv.szolnoktv.hu\/index.php?rest_route=%2Fwp%2Fv2%2Fcategories&post=30481"},{"taxonomy":"post_tag","embeddable":true,"href":"http:\/\/archiv.szolnoktv.hu\/index.php?rest_route=%2Fwp%2Fv2%2Ftags&post=30481"}],"curies":[{"name":"wp","href":"https:\/\/api.w.org\/{rel}","templated":true}]}}