{"id":30464,"date":"2008-02-22T19:44:22","date_gmt":"2008-02-22T19:44:22","guid":{"rendered":"http:\/\/archiv.szolnoktv.hu\/?p=30464"},"modified":"2021-11-17T11:36:30","modified_gmt":"2021-11-17T11:36:30","slug":"pecas-uj-esztendo","status":"publish","type":"post","link":"http:\/\/archiv.szolnoktv.hu\/?p=30464","title":{"rendered":"Pec\u00e1s \u00faj esztend\u0151"},"content":{"rendered":"<div class='booster-block booster-read-block'><\/div><p>Vil\u00e1gbajnoks\u00e1g Szolnokon. Augusztus k\u00f6zep\u00e9n a Holt Tisz\u00e1n bonyol\u00edtj\u00e1k le a n\u0151i horg\u00e1sz vil\u00e1gbajnoks\u00e1got. A 20 indul\u00f3 csapat k\u00f6z\u00f6tt ott lesznek a hazai l\u00e1nyok is, akik igen j\u00f3 es\u00e9llyel indulnak a versenyen. Err\u0151l valamint a tavalyi fog\u00e1si eredm\u00e9nyekr\u0151l k\u00e9rdezt\u00fck Nagy Gyul\u00e1t, a K\u00f6z\u00e9p-Tisza Vid\u00e9ki Horg\u00e1szegyes\u00fcletek Sz\u00f6vets\u00e9g\u00e9nek \u00fcgyvezet\u0151 eln\u00f6k\u00e9t.<br \/>\nA 2007-es \u00e9v fog\u00e1si napl\u00f3it a horg\u00e1szoknak janu\u00e1r 10-ig kellett leadniuk. Ezek \u00f6sszes\u00edt\u00e9s\u00e9b\u0151l az der\u00fclt ki, hogy a K\u00f6z\u00e9p-Tisza Vid\u00e9ki Horg\u00e1szegyes\u00fcletek Sz\u00f6vets\u00e9ge tagjainak 84%-a adta le a dokumentumot. Azok, akik ezt nem tett\u00e9k meg, a k\u00f6vetkez\u0151 f\u00e9l \u00e9vben nem horg\u00e1szhatnak, legal\u00e1bbis leg\u00e1lisan nem.  Az eredm\u00e9nyek szerint egy\u00e9bk\u00e9nt a tavalyi \u00e9v fog\u00e1si ar\u00e1nya rendk\u00edv\u00fcl j\u00f3nak mondhat\u00f3.<\/p>\n<p>&#8220;\u00d6sszess\u00e9g\u00e9ben 2666 m\u00e1zsa halat fogtak a horg\u00e1szok. Ezt ha egy f\u0151re vet\u00edtj\u00fck<br \/>\nakkor ez 21 kil\u00f3. Ez a 21 kil\u00f3<br \/>\nez meghaladja az orsz\u00e1gos \u00e1tlagot \u00e9s a tavalyi \u00e1tlagn\u00e1l<\/p>\n","protected":false},"excerpt":{"rendered":"<p>Vil\u00e1gbajnoks\u00e1g Szolnokon. Augusztus k\u00f6zep\u00e9n a Holt Tisz\u00e1n bonyol\u00edtj\u00e1k le a n\u0151i horg\u00e1sz vil\u00e1gbajnoks\u00e1got. A 20 indul\u00f3 csapat k\u00f6z\u00f6tt ott lesznek a hazai l\u00e1nyok is, akik igen j\u00f3 es\u00e9llyel indulnak a versenyen. Err\u0151l valamint a tavalyi fog\u00e1si eredm\u00e9nyekr\u0151l k\u00e9rdezt\u00fck Nagy Gyul\u00e1t, a K\u00f6z\u00e9p-Tisza Vid\u00e9ki Horg\u00e1szegyes\u00fcletek Sz\u00f6vets\u00e9g\u00e9nek \u00fcgyvezet\u0151 eln\u00f6k\u00e9t. A 2007-es \u00e9v fog\u00e1si napl\u00f3it a horg\u00e1szoknak janu\u00e1r [&hellip;]<\/p>\n","protected":false},"author":2,"featured_media":0,"comment_status":"open","ping_status":"open","sticky":false,"template":"","format":"standard","meta":[],"categories":[24],"tags":[],"_links":{"self":[{"href":"http:\/\/archiv.szolnoktv.hu\/index.php?rest_route=\/wp\/v2\/posts\/30464"}],"collection":[{"href":"http:\/\/archiv.szolnoktv.hu\/index.php?rest_route=\/wp\/v2\/posts"}],"about":[{"href":"http:\/\/archiv.szolnoktv.hu\/index.php?rest_route=\/wp\/v2\/types\/post"}],"author":[{"embeddable":true,"href":"http:\/\/archiv.szolnoktv.hu\/index.php?rest_route=\/wp\/v2\/users\/2"}],"replies":[{"embeddable":true,"href":"http:\/\/archiv.szolnoktv.hu\/index.php?rest_route=%2Fwp%2Fv2%2Fcomments&post=30464"}],"version-history":[{"count":1,"href":"http:\/\/archiv.szolnoktv.hu\/index.php?rest_route=\/wp\/v2\/posts\/30464\/revisions"}],"predecessor-version":[{"id":30583,"href":"http:\/\/archiv.szolnoktv.hu\/index.php?rest_route=\/wp\/v2\/posts\/30464\/revisions\/30583"}],"wp:attachment":[{"href":"http:\/\/archiv.szolnoktv.hu\/index.php?rest_route=%2Fwp%2Fv2%2Fmedia&parent=30464"}],"wp:term":[{"taxonomy":"category","embeddable":true,"href":"http:\/\/archiv.szolnoktv.hu\/index.php?rest_route=%2Fwp%2Fv2%2Fcategories&post=30464"},{"taxonomy":"post_tag","embeddable":true,"href":"http:\/\/archiv.szolnoktv.hu\/index.php?rest_route=%2Fwp%2Fv2%2Ftags&post=30464"}],"curies":[{"name":"wp","href":"https:\/\/api.w.org\/{rel}","templated":true}]}}