{"id":30463,"date":"2008-02-22T19:43:17","date_gmt":"2008-02-22T19:43:17","guid":{"rendered":"http:\/\/archiv.szolnoktv.hu\/?p=30463"},"modified":"2021-11-17T11:36:30","modified_gmt":"2021-11-17T11:36:30","slug":"kurencs-julianna-kiallitas","status":"publish","type":"post","link":"http:\/\/archiv.szolnoktv.hu\/?p=30463","title":{"rendered":"Kurencs Julianna ki\u00e1ll\u00edt\u00e1s"},"content":{"rendered":"<div class='booster-block booster-read-block'><\/div><p>Term\u00e9szetes k\u00f6zels\u00e9g. Vir\u00e1gok, erd\u0151k, vizek, t\u00e1jak k\u00f6sz\u00f6ntik a l\u00e1togat\u00f3kat a v\u00e1rosi k\u00f6nyvt\u00e1rban, ahol Kurencs Julianna festm\u00e9nyeib\u0151l ny\u00edlt ki\u00e1ll\u00edt\u00e1s.<br \/>\nTerm\u00e9szetk\u00f6zelis\u00e9g &#8211; ez Kurencs Julianna fest\u00e9szet\u00e9nek l\u00e9nyege, s ezt \u00e9rezhetik mindazok, akik a Hild Viktor V\u00e1rosi K\u00f6nyvt\u00e1rban ny\u00edlt ki\u00e1l\u00edt\u00e1st megl\u00e1togatj\u00e1k a k\u00f6vetkez\u0151 n\u00e9gy h\u00e9t sor\u00e1n.    <br \/>A Szolnokon \u00e9l\u0151 fest\u0151m\u0171v\u00e9sz  matematika-fizika szakos tan\u00e1r, f\u0151iskolai adjunktus, t\u00f6bb \u00e9vig volt a Vera Icon K\u00e9pz\u0151m\u0171v\u00e9szeti Egyes\u00fclet eln\u00f6ke.   Csend\u00e9leteivel, t\u00e1jk\u00e9peivel 1992 \u00f3ta szerepel egy\u00e9ni \u00e9s csoportos ki\u00e1ll\u00edt\u00e1sokon, \u00edgy p\u00e9ld\u00e1ul eljutottak m\u00e1r munk\u00e1i  a nagyb\u00e1nyai M\u0171v\u00e9sztelepre is. Noszvajon, a de la Motte Kast\u00e9lyban \u00f6n\u00e1ll\u00f3 t\u00e1rlata van. <br \/>&#8222;Az ember minden jel szerint arra van teremtve, hogy gondolkozz\u00e9k; ebben rejlik minden m\u00e9lt\u00f3s\u00e1ga \u00e9s minden \u00e9rdeme; egyetlen k\u00f6teless\u00e9ge az, hogy helyesen gondolkozz\u00e9k. A rend pedig azt k\u00edv\u00e1nja, hogy \u00f6nmag\u00e1n, a teremt\u0151j\u00e9n \u00e9s rendeltet\u00e9s\u00e9n kezdje a gondolkod\u00e1st&#8230;&#8221;- fogalmazza meg a fest\u00e9szet\u00e9ben is el\u0151t\u00e9rbe ker\u00fcl\u0151 hitvall\u00e1s\u00e1t az alkot\u00f3. <br \/>Kurencs Julianna k\u00e9pei -saj\u00e1t bevall\u00e1sa szerint- bels\u0151 \u00e9rint\u00e9sre sz\u00fcletnek, J\u00e9zus \u00e9s a Biblia \u00fczeneteit, kereszt\u00e9nyi gondolatokat k\u00f6zvet\u00edtenek. Ez ut\u00f3bbiakat er\u0151teljesen t\u00fckr\u00f6zik a m\u0171v\u00e9sz l\u00e1tom\u00e1sair\u00f3l \u00e9s \u00e1lmair\u00f3l sz\u00f3l\u00f3 festm\u00e9nyek is. <br \/>Kurencs Julianna alkot\u00e1saival az elm\u00falt egy \u00e9vtizedben m\u00e1r t\u00f6bb alkalommal is tal\u00e1lkozhatott a m\u0171v\u00e9szetszeret\u0151 k\u00f6z\u00f6ns\u00e9g. Egyebek k\u00f6zt a Pelik\u00e1n Gal\u00e9ria, a Hozam Klub, az Amstel Gal\u00e9ria, a Mol Gal\u00e9ria, a Hely\u0151rs\u00e9gi M\u0171vel\u0151d\u00e9si Otthon \u00e9s a M\u0171v\u00e9sztelepi Gal\u00e9ria is bemutatta m\u00e1r k\u00e9peit.  <br \/>A v\u00e1rosi k\u00f6nyvt\u00e1r Hild Gal\u00e9ri\u00e1j\u00e1ban most megny\u00edlt ki\u00e1ll\u00edt\u00e1son Kurencs Julianna r\u00e9gebbi \u00e9s \u00faj festm\u00e9nyei is l\u00e1that\u00f3k m\u00e1rcius 19-ig.<\/p>\n","protected":false},"excerpt":{"rendered":"<p>Term\u00e9szetes k\u00f6zels\u00e9g. Vir\u00e1gok, erd\u0151k, vizek, t\u00e1jak k\u00f6sz\u00f6ntik a l\u00e1togat\u00f3kat a v\u00e1rosi k\u00f6nyvt\u00e1rban, ahol Kurencs Julianna festm\u00e9nyeib\u0151l ny\u00edlt ki\u00e1ll\u00edt\u00e1s. Term\u00e9szetk\u00f6zelis\u00e9g &#8211; ez Kurencs Julianna fest\u00e9szet\u00e9nek l\u00e9nyege, s ezt \u00e9rezhetik mindazok, akik a Hild Viktor V\u00e1rosi K\u00f6nyvt\u00e1rban ny\u00edlt ki\u00e1l\u00edt\u00e1st megl\u00e1togatj\u00e1k a k\u00f6vetkez\u0151 n\u00e9gy h\u00e9t sor\u00e1n. A Szolnokon \u00e9l\u0151 fest\u0151m\u0171v\u00e9sz matematika-fizika szakos tan\u00e1r, f\u0151iskolai adjunktus, t\u00f6bb \u00e9vig volt [&hellip;]<\/p>\n","protected":false},"author":2,"featured_media":0,"comment_status":"open","ping_status":"open","sticky":false,"template":"","format":"standard","meta":[],"categories":[24],"tags":[],"_links":{"self":[{"href":"http:\/\/archiv.szolnoktv.hu\/index.php?rest_route=\/wp\/v2\/posts\/30463"}],"collection":[{"href":"http:\/\/archiv.szolnoktv.hu\/index.php?rest_route=\/wp\/v2\/posts"}],"about":[{"href":"http:\/\/archiv.szolnoktv.hu\/index.php?rest_route=\/wp\/v2\/types\/post"}],"author":[{"embeddable":true,"href":"http:\/\/archiv.szolnoktv.hu\/index.php?rest_route=\/wp\/v2\/users\/2"}],"replies":[{"embeddable":true,"href":"http:\/\/archiv.szolnoktv.hu\/index.php?rest_route=%2Fwp%2Fv2%2Fcomments&post=30463"}],"version-history":[{"count":1,"href":"http:\/\/archiv.szolnoktv.hu\/index.php?rest_route=\/wp\/v2\/posts\/30463\/revisions"}],"predecessor-version":[{"id":30584,"href":"http:\/\/archiv.szolnoktv.hu\/index.php?rest_route=\/wp\/v2\/posts\/30463\/revisions\/30584"}],"wp:attachment":[{"href":"http:\/\/archiv.szolnoktv.hu\/index.php?rest_route=%2Fwp%2Fv2%2Fmedia&parent=30463"}],"wp:term":[{"taxonomy":"category","embeddable":true,"href":"http:\/\/archiv.szolnoktv.hu\/index.php?rest_route=%2Fwp%2Fv2%2Fcategories&post=30463"},{"taxonomy":"post_tag","embeddable":true,"href":"http:\/\/archiv.szolnoktv.hu\/index.php?rest_route=%2Fwp%2Fv2%2Ftags&post=30463"}],"curies":[{"name":"wp","href":"https:\/\/api.w.org\/{rel}","templated":true}]}}