{"id":30462,"date":"2008-02-22T19:41:38","date_gmt":"2008-02-22T19:41:38","guid":{"rendered":"http:\/\/archiv.szolnoktv.hu\/?p=30462"},"modified":"2021-11-17T11:36:30","modified_gmt":"2021-11-17T11:36:30","slug":"korhazi-szefek","status":"publish","type":"post","link":"http:\/\/archiv.szolnoktv.hu\/?p=30462","title":{"rendered":"K\u00f3rh\u00e1zi sz\u00e9fek"},"content":{"rendered":"<div class='booster-block booster-read-block'><\/div><p>P\u00e1nc\u00e9lszekr\u00e9nnyel a lop\u00e1s ellen. A Het\u00e9nyi G\u00e9za K\u00f3rh\u00e1zban m\u00e1rcius nyolcadik\u00e1ig kell felszerelni a biztons\u00e1gi sz\u00e9feket. A megyei k\u00f3rh\u00e1z t\u00f6bb mint ezer ilyen \u00e9rt\u00e9k\u0151rz\u0151 kazett\u00e1t rendelt. Az int\u00e9zm\u00e9ny vezet\u0151i szerint azonban t\u00f6bb probl\u00e9ma lesz vel\u00fck, mint amennyi hasznot hoznak.<br \/>\nA Het\u00e9nyiben is megrendelt\u00e9k a sz\u00e9feket. A megyei k\u00f3rh\u00e1z 1125 darab p\u00e1nc\u00e9lszekr\u00e9nyre adta le ig\u00e9ny\u00e9t, melyek \u00f6sszesen 5.1 milli\u00f3 forintba ker\u00fclnek. Ezt az \u00f6sszeget azonban az Orsz\u00e1gos Eg\u00e9szs\u00e9gbiztos\u00edt\u00e1si P\u00e9nzt\u00e1r finansz\u00edrozza. B\u00e1r a kiv\u00e1laszt\u00e1sn\u00e1l fontos szempont volt a k\u00fcllem, valamint az egyszer\u0171 kezelhet\u0151s\u00e9g, a k\u00f3rh\u00e1z vezet\u0151i \u00fagy gondolj\u00e1k, sok probl\u00e9m\u00e1t fognak okozni. Els\u0151 ilyen r\u00f6gt\u00f6n az elhelyez\u00e9s\u00fck. Nem kell sz\u00e9fet biztos\u00edtani az intenz\u00edv ell\u00e1t\u00e1sban r\u00e9szes\u00fcl\u0151knek, tov\u00e1bb\u00e1 a pszichi\u00e1triai oszt\u00e1lyon kezetlek egyes tagjainak, valamint az egy \u00e9vesn\u00e9l fiatalabb csecsem\u0151knek sem. Az egy \u00e9ves kor f\u00f6l\u00f6tti gyerekeket viszont m\u00e1r megilleti a sz\u00e9fhaszn\u00e1lati jog. A biztons\u00e1gi kazett\u00e1k elhelyez\u00e9se azonban pont n\u00e1luk, a gyermekoszt\u00e1lyon okozza a legnagyobb probl\u00e9m\u00e1kat. A hely kev\u00e9s a fal viszont \u00fcvegb\u0151l van. A sz\u00e9fek beszerel\u00e9s\u00e9nek hat\u00e1rideje m\u00e1rcius nyolcadika, kisz\u00e1ll\u00edt\u00e1suk\u00e9 pedig m\u00e1rcius hetedike. A t\u00f6bb mint ezer p\u00e1nc\u00e9lszekr\u00e9ny elhelyez\u00e9s\u00e9re \u00edgy, ha mindenki tartja a pontos d\u00e1tumot alig egy napjuk lesz.<\/p>\n","protected":false},"excerpt":{"rendered":"<p>P\u00e1nc\u00e9lszekr\u00e9nnyel a lop\u00e1s ellen. A Het\u00e9nyi G\u00e9za K\u00f3rh\u00e1zban m\u00e1rcius nyolcadik\u00e1ig kell felszerelni a biztons\u00e1gi sz\u00e9feket. A megyei k\u00f3rh\u00e1z t\u00f6bb mint ezer ilyen \u00e9rt\u00e9k\u0151rz\u0151 kazett\u00e1t rendelt. Az int\u00e9zm\u00e9ny vezet\u0151i szerint azonban t\u00f6bb probl\u00e9ma lesz vel\u00fck, mint amennyi hasznot hoznak. A Het\u00e9nyiben is megrendelt\u00e9k a sz\u00e9feket. A megyei k\u00f3rh\u00e1z 1125 darab p\u00e1nc\u00e9lszekr\u00e9nyre adta le ig\u00e9ny\u00e9t, melyek \u00f6sszesen [&hellip;]<\/p>\n","protected":false},"author":2,"featured_media":0,"comment_status":"open","ping_status":"open","sticky":false,"template":"","format":"standard","meta":[],"categories":[24],"tags":[],"_links":{"self":[{"href":"http:\/\/archiv.szolnoktv.hu\/index.php?rest_route=\/wp\/v2\/posts\/30462"}],"collection":[{"href":"http:\/\/archiv.szolnoktv.hu\/index.php?rest_route=\/wp\/v2\/posts"}],"about":[{"href":"http:\/\/archiv.szolnoktv.hu\/index.php?rest_route=\/wp\/v2\/types\/post"}],"author":[{"embeddable":true,"href":"http:\/\/archiv.szolnoktv.hu\/index.php?rest_route=\/wp\/v2\/users\/2"}],"replies":[{"embeddable":true,"href":"http:\/\/archiv.szolnoktv.hu\/index.php?rest_route=%2Fwp%2Fv2%2Fcomments&post=30462"}],"version-history":[{"count":1,"href":"http:\/\/archiv.szolnoktv.hu\/index.php?rest_route=\/wp\/v2\/posts\/30462\/revisions"}],"predecessor-version":[{"id":30585,"href":"http:\/\/archiv.szolnoktv.hu\/index.php?rest_route=\/wp\/v2\/posts\/30462\/revisions\/30585"}],"wp:attachment":[{"href":"http:\/\/archiv.szolnoktv.hu\/index.php?rest_route=%2Fwp%2Fv2%2Fmedia&parent=30462"}],"wp:term":[{"taxonomy":"category","embeddable":true,"href":"http:\/\/archiv.szolnoktv.hu\/index.php?rest_route=%2Fwp%2Fv2%2Fcategories&post=30462"},{"taxonomy":"post_tag","embeddable":true,"href":"http:\/\/archiv.szolnoktv.hu\/index.php?rest_route=%2Fwp%2Fv2%2Ftags&post=30462"}],"curies":[{"name":"wp","href":"https:\/\/api.w.org\/{rel}","templated":true}]}}