{"id":30461,"date":"2008-02-22T19:36:14","date_gmt":"2008-02-22T19:36:14","guid":{"rendered":"http:\/\/archiv.szolnoktv.hu\/?p=30461"},"modified":"2021-11-17T11:36:30","modified_gmt":"2021-11-17T11:36:30","slug":"muveszeti-iskolak-talalkozoja","status":"publish","type":"post","link":"http:\/\/archiv.szolnoktv.hu\/?p=30461","title":{"rendered":"M\u0171v\u00e9szeti iskol\u00e1k tal\u00e1lkoz\u00f3ja"},"content":{"rendered":"<div class='booster-block booster-read-block'><\/div><p>d\u00e9n m\u00e1sodik alkalommal rendezt\u00e9k meg a M\u0171v\u00e9szeti Iskol\u00e1k tal\u00e1lkoz\u00f3j\u00e1t, ez\u00fattal a sz\u00e9chenyi lak\u00f3telepi z\u00f6ld h\u00e1zban m\u0171k\u00f6d\u0151 M\u0171v\u00e9szeti Iskol\u00e1ban.B\u00e1r szakmailag is j\u00f3nak mondhat\u00f3 a hazai m\u0171v\u00e9szeti oktat\u00e1s, a gyerekek szem\u00e9lyis\u00e9gfejl\u0151d\u00e9se, kreativit\u00e1sa, \u00e9letben val\u00f3 helyt\u00e1ll\u00e1sa hat\u00e9konyabban fejl\u0151dne ha t\u00f6bb m\u0171v\u00e9szetei oktat\u00e1sban r\u00e9szes\u00fclhetn\u00e9nek  m\u00e1r \u00e1ltal\u00e1nos iskol\u00e1ban.<br \/>\nMagyarorsz\u00e1gon 800 m\u0171v\u00e9szeti iskola m\u0171k\u00f6dik, a min\u0151s\u00edt\u00e9s \u00f3ta valamivel kevesebb, mint az el\u0151z\u0151 \u00e9vekben.<br \/>250 ezer gyermek r\u00e9szes\u00fcl alapfok\u00fa m\u0171v\u00e9szetoktat\u00e1si k\u00e9pz\u00e9sben 6-22 \u00e9ves korig. A mai tal\u00e1lkoz\u00f3n az \u0151ket oktat\u00f3  szaktan\u00e1rok ismerkedtek meg egym\u00e1s munk\u00e1j\u00e1val, a probl\u00e9m\u00e1kkal.  Sok munk\u00e1juk van, hiszen az \u00e1ltal\u00e1nos iskol\u00e1ban m\u00e1r csak  heti 1-1,5 \u00f3r\u00e1ban oktatnak m\u0171v\u00e9szeteket. Ez\u00e9rt egyre nagyobb  ig\u00e9ny mutatkozik a m\u0171v\u00e9szeti iskol\u00e1kban tanulhat\u00f3 ismeretekre. A pedag\u00f3gusok kedvelik a m\u0171v\u00e9szeti k\u00e9pz\u00e9sben r\u00e9szt vev\u0151 di\u00e1kokat, ,mert fgyelmezettebbek, ugyanakkor kreat\u00edvabbak t\u00e1rsaikn\u00e1l. <br \/>A megyesz\u00e9khelyen mintegy 10 m\u0171v\u00e9szeti iskola m\u0171k\u00f6dik, elmondhat\u00f3, hogy jobb felt\u00e9telekkel, mint az orsz\u00e1gos \u00e1tlag. A m\u0171v\u00e9sztan\u00e1rok m\u00e9gsem el\u00e9gedettek, mert szerint\u00fck minden iskol\u00e1ban t\u00f6bb m\u0171v\u00e9szeti ismeretet kellene kapniuk a gyerekeknek. <\/p>\n<p>&#8220;Amit most a m\u0171v\u00e9szeti iskol\u00e1ban megkapnak a gyerekek<br \/>\nannak a 80 sz\u00e1zal\u00e9k\u00e1t kapj\u00e1k meg a d\u00e9lel\u0151tti oktat\u00e1sban<br \/>\n\u00e9s a marad\u00e9k 20 sz\u00e1zall\u00e9knyi tev\u00e9kenys\u00e9g legyen az ami m\u00e9gink\u00e1bb magasabb sz\u00ednvonalon<\/p>\n","protected":false},"excerpt":{"rendered":"<p>d\u00e9n m\u00e1sodik alkalommal rendezt\u00e9k meg a M\u0171v\u00e9szeti Iskol\u00e1k tal\u00e1lkoz\u00f3j\u00e1t, ez\u00fattal a sz\u00e9chenyi lak\u00f3telepi z\u00f6ld h\u00e1zban m\u0171k\u00f6d\u0151 M\u0171v\u00e9szeti Iskol\u00e1ban.B\u00e1r szakmailag is j\u00f3nak mondhat\u00f3 a hazai m\u0171v\u00e9szeti oktat\u00e1s, a gyerekek szem\u00e9lyis\u00e9gfejl\u0151d\u00e9se, kreativit\u00e1sa, \u00e9letben val\u00f3 helyt\u00e1ll\u00e1sa hat\u00e9konyabban fejl\u0151dne ha t\u00f6bb m\u0171v\u00e9szetei oktat\u00e1sban r\u00e9szes\u00fclhetn\u00e9nek m\u00e1r \u00e1ltal\u00e1nos iskol\u00e1ban. Magyarorsz\u00e1gon 800 m\u0171v\u00e9szeti iskola m\u0171k\u00f6dik, a min\u0151s\u00edt\u00e9s \u00f3ta valamivel kevesebb, mint az [&hellip;]<\/p>\n","protected":false},"author":2,"featured_media":0,"comment_status":"open","ping_status":"open","sticky":false,"template":"","format":"standard","meta":[],"categories":[24],"tags":[],"_links":{"self":[{"href":"http:\/\/archiv.szolnoktv.hu\/index.php?rest_route=\/wp\/v2\/posts\/30461"}],"collection":[{"href":"http:\/\/archiv.szolnoktv.hu\/index.php?rest_route=\/wp\/v2\/posts"}],"about":[{"href":"http:\/\/archiv.szolnoktv.hu\/index.php?rest_route=\/wp\/v2\/types\/post"}],"author":[{"embeddable":true,"href":"http:\/\/archiv.szolnoktv.hu\/index.php?rest_route=\/wp\/v2\/users\/2"}],"replies":[{"embeddable":true,"href":"http:\/\/archiv.szolnoktv.hu\/index.php?rest_route=%2Fwp%2Fv2%2Fcomments&post=30461"}],"version-history":[{"count":1,"href":"http:\/\/archiv.szolnoktv.hu\/index.php?rest_route=\/wp\/v2\/posts\/30461\/revisions"}],"predecessor-version":[{"id":30586,"href":"http:\/\/archiv.szolnoktv.hu\/index.php?rest_route=\/wp\/v2\/posts\/30461\/revisions\/30586"}],"wp:attachment":[{"href":"http:\/\/archiv.szolnoktv.hu\/index.php?rest_route=%2Fwp%2Fv2%2Fmedia&parent=30461"}],"wp:term":[{"taxonomy":"category","embeddable":true,"href":"http:\/\/archiv.szolnoktv.hu\/index.php?rest_route=%2Fwp%2Fv2%2Fcategories&post=30461"},{"taxonomy":"post_tag","embeddable":true,"href":"http:\/\/archiv.szolnoktv.hu\/index.php?rest_route=%2Fwp%2Fv2%2Ftags&post=30461"}],"curies":[{"name":"wp","href":"https:\/\/api.w.org\/{rel}","templated":true}]}}