{"id":30460,"date":"2008-02-22T19:34:01","date_gmt":"2008-02-22T19:34:01","guid":{"rendered":"http:\/\/archiv.szolnoktv.hu\/?p=30460"},"modified":"2021-11-17T11:36:30","modified_gmt":"2021-11-17T11:36:30","slug":"az-egyenlosegert-harcolnak","status":"publish","type":"post","link":"http:\/\/archiv.szolnoktv.hu\/?p=30460","title":{"rendered":"Az egyenl\u0151s\u00e9g\u00e9rt harcolnak"},"content":{"rendered":"<div class='booster-block booster-read-block'><\/div><p>Egyel\u0151re csak kevesen hallottak az Egyenl\u0151 B\u00e1n\u00e1sm\u00f3d Hat\u00f3s\u00e1gr\u00f3l, pedig a szervezet m\u00e1r h\u00e1rom \u00e9ve v\u00e9delmezi az emberi m\u00e9lt\u00f3s\u00e1got. Mindenki aki \u00fagy \u00e9rzi; faji, nemi hozz\u00e1tartoz\u00e1sa, csal\u00e1di \u00e1llapota, szexu\u00e1lis orient\u00e1lts\u00e1ga miatt h\u00e1tr\u00e1nyos megk\u00fcl\u00f6nb\u00f6ztet\u00e9sben r\u00e9szes\u00fcl k\u00e9rheti a hat\u00f3s\u00e1g seg\u00edts\u00e9g\u00e9t. T\u00f6bbek k\u00f6z\u00f6tt err\u0151l is besz\u00e9lt ma a k\u00fcl\u00f6nb\u00f6z\u0151 civil szervezetek k\u00e9pvisel\u0151inek Dr. Demeter Judit, a szervezet eln\u00f6ke.<br \/>\n&#8220;A b\u00e1rhol elk\u00f6vetett igazs\u00e1gtalans\u00e1g mindenhol az igazs\u00e1g l\u00e9t\u00e9t vesz\u00e9lyezteti&#8221;&#8221;. Martin Luther King ezen gondolata az Egyenl\u0151 B\u00e1n\u00e1sm\u00f3d Hat\u00f3s\u00e1g egyik legfontosabb alapelve.  A 2005-ben alakult szervezet tev\u00e9kenys\u00e9g\u00e9nek c\u00e9lja az emberi m\u00e9lt\u00f3s\u00e1g v\u00e9delme<br \/>\na h\u00e1tr\u00e1nyos megk\u00fcl\u00f6nb\u00f6ztet\u00e9s elleni k\u00fczdelem a jog eszk\u00f6zeivel. Az es\u00e9lyegyenl\u0151s\u00e9gi t\u00f6rv\u00e9nyben foglaltak szerint 19 olyan v\u00e9dett tulajdons\u00e1g l\u00e9tezik<br \/>\namellyel szemben nem lehet h\u00e1tr\u00e1nyos megk\u00fcl\u00f6nbeztet\u00e9st elk\u00f6vetni. A hat\u00f3s\u00e1g keze messze el\u00e9r. Ha p\u00e9ld\u00e1ul egy munk\u00e1ltat\u00f3 csak az\u00e9rt b\u00e1nik kedvez\u0151tlen\u00fcl alkalmazottj\u00e1val<\/p>\n","protected":false},"excerpt":{"rendered":"<p>Egyel\u0151re csak kevesen hallottak az Egyenl\u0151 B\u00e1n\u00e1sm\u00f3d Hat\u00f3s\u00e1gr\u00f3l, pedig a szervezet m\u00e1r h\u00e1rom \u00e9ve v\u00e9delmezi az emberi m\u00e9lt\u00f3s\u00e1got. Mindenki aki \u00fagy \u00e9rzi; faji, nemi hozz\u00e1tartoz\u00e1sa, csal\u00e1di \u00e1llapota, szexu\u00e1lis orient\u00e1lts\u00e1ga miatt h\u00e1tr\u00e1nyos megk\u00fcl\u00f6nb\u00f6ztet\u00e9sben r\u00e9szes\u00fcl k\u00e9rheti a hat\u00f3s\u00e1g seg\u00edts\u00e9g\u00e9t. T\u00f6bbek k\u00f6z\u00f6tt err\u0151l is besz\u00e9lt ma a k\u00fcl\u00f6nb\u00f6z\u0151 civil szervezetek k\u00e9pvisel\u0151inek Dr. Demeter Judit, a szervezet eln\u00f6ke. &#8220;A [&hellip;]<\/p>\n","protected":false},"author":2,"featured_media":0,"comment_status":"open","ping_status":"open","sticky":false,"template":"","format":"standard","meta":[],"categories":[24],"tags":[],"_links":{"self":[{"href":"http:\/\/archiv.szolnoktv.hu\/index.php?rest_route=\/wp\/v2\/posts\/30460"}],"collection":[{"href":"http:\/\/archiv.szolnoktv.hu\/index.php?rest_route=\/wp\/v2\/posts"}],"about":[{"href":"http:\/\/archiv.szolnoktv.hu\/index.php?rest_route=\/wp\/v2\/types\/post"}],"author":[{"embeddable":true,"href":"http:\/\/archiv.szolnoktv.hu\/index.php?rest_route=\/wp\/v2\/users\/2"}],"replies":[{"embeddable":true,"href":"http:\/\/archiv.szolnoktv.hu\/index.php?rest_route=%2Fwp%2Fv2%2Fcomments&post=30460"}],"version-history":[{"count":1,"href":"http:\/\/archiv.szolnoktv.hu\/index.php?rest_route=\/wp\/v2\/posts\/30460\/revisions"}],"predecessor-version":[{"id":30587,"href":"http:\/\/archiv.szolnoktv.hu\/index.php?rest_route=\/wp\/v2\/posts\/30460\/revisions\/30587"}],"wp:attachment":[{"href":"http:\/\/archiv.szolnoktv.hu\/index.php?rest_route=%2Fwp%2Fv2%2Fmedia&parent=30460"}],"wp:term":[{"taxonomy":"category","embeddable":true,"href":"http:\/\/archiv.szolnoktv.hu\/index.php?rest_route=%2Fwp%2Fv2%2Fcategories&post=30460"},{"taxonomy":"post_tag","embeddable":true,"href":"http:\/\/archiv.szolnoktv.hu\/index.php?rest_route=%2Fwp%2Fv2%2Ftags&post=30460"}],"curies":[{"name":"wp","href":"https:\/\/api.w.org\/{rel}","templated":true}]}}