{"id":30459,"date":"2008-02-22T19:32:06","date_gmt":"2008-02-22T19:32:06","guid":{"rendered":"http:\/\/archiv.szolnoktv.hu\/?p=30459"},"modified":"2021-11-17T11:36:30","modified_gmt":"2021-11-17T11:36:30","slug":"bejottek-a-penzek","status":"publish","type":"post","link":"http:\/\/archiv.szolnoktv.hu\/?p=30459","title":{"rendered":"Bej\u00f6ttek a p\u00e9nzek"},"content":{"rendered":"<div class='booster-block booster-read-block'><\/div><p>El\u00e9gedett a r\u00e9gi\u00f3ban \u00e9l\u0151k ad\u00f3fegyelm\u00e9vel az APEH r\u00e9gi\u00f3s igazgat\u00f3ja. Az \u0151stermel\u0151knek k\u00f6sz\u00f6nhet\u0151en b\u0151v\u00fclt az ad\u00f3z\u00f3k k\u00f6re, az ellen\u0151rz\u00e9sek hozad\u00e9kak\u00e9nt  pedig dinamikusan n\u00f6vekedtek az ad\u00f3b\u00f3l sz\u00e1rmaz\u00f3  bev\u00e9telek.<br \/>\nA jogszab\u00e1lyi v\u00e1ltoz\u00e1sok miatt mintegy nyolcezerrel b\u0151v\u00fclt az ad\u00f3z\u00f3k k\u00f6re 2007-ben , hiszen az \u0151stermel\u0151knek is ad\u00f3sz\u00e1mot kellett k\u00e9rni\u00fck. \u00cdgy a r\u00e9gi\u00f3 ad\u00f3alanyai k\u00f6zel 500 milli\u00e1rd ft brutt\u00f3 befizet\u00e9st teljes\u00edtettek. A szem\u00e9lyi j\u00f6vedelemad\u00f3 16 sz\u00e1zal\u00e9kos n\u00f6veked\u00e9st mutat, ami nagy  ad\u00f3fegyelemre, jobb ad\u00f3mor\u00e1lra utal. Ehhez hozz\u00e1j\u00e1rultak a szigor\u00fa ellen\u0151rz\u00e9sek is. 31 ezer ellen\u0151rz\u00e9st v\u00e9geztek tavaly. Ezek f\u0151k\u00e9nt  a fekete foglalkoztat\u00e1sra ir\u00e1nyultak. A r\u00e9gi\u00f3hoz tartoz\u00f3 3 megye hasonl\u00f3 ad\u00f3bev\u00e9teli n\u00f6veked\u00e9st produk\u00e1lt. Az ellen\u0151rz\u00e9sek sor\u00e1n majd 31 milli\u00f3ft  nett\u00f3 ad\u00f3k\u00fcl\u00f6nb\u00f6zetet t\u00e1rtak fel. Majd 10 milli\u00f3val t\u00f6bbet mint tavaly. Ezt  a vagyonosod\u00e1si vizsg\u00e1latok eredm\u00e9nyezt\u00e9k. <br \/>Ezek sor\u00e1n az is el\u0151fordult, hogy egy ad\u00f3z\u00f3 azzal indokolta 20 milli\u00f3s \u00faj h\u00e1zhoz jut\u00e1s\u00e1t, hogy  nyugd\u00edjas nagysz\u00fclei gy\u0171jt\u00f6gett\u00e9k \u00f6ssze a r\u00e1val\u00f3t. A vizsg\u00e1latok sor\u00e1n term\u00e9szetesen kider\u00fclt kisnyugd\u00edjukb\u00f3l ez lehetetlen. <br \/>A t\u00e1j\u00e9koztat\u00f3n besz\u00e1moltak az idei feladatokr\u00f3l is. Az el\u0151z\u0151ekhez k\u00e9pest is k\u00f6nnyebb lesz pl. a hat\u00f3s\u00e1ggal val\u00f3 kapcsolattart\u00e1s. N\u00e9pszer\u0171 a t\u00e1j\u00e9koztat\u00e1si k\u00f6zpont, valamint az email-en t\u00f6rt\u00e9n\u0151 \u00e9rdekl\u0151d\u00e9s is. <br \/>Fontos tudni, hogy az ad\u00f3hat\u00f3s\u00e1g id\u00e9n minden \u00faj egy\u00e9ni v\u00e1llalkoz\u00f3t , a tev\u00e9kenys\u00e9g kezdet\u00e9t\u0151l sz\u00e1m\u00edtott 90 napon bel\u00fcl ellen\u0151riz. <br \/>A g\u00e9pj\u00e1rm\u0171kereskedelemben, az inform\u00e1ci\u00f3technol\u00f3gi\u00e1ban, valamint az \u00e1llateg\u00e9szs\u00e9g\u00fcgyben dolgoz\u00f3 v\u00e1lallkoz\u00f3k 2008-ban biztosan sz\u00e1m\u00edthatnak az ad\u00f3ellen\u0151r\u00f6k  l\u00e1togat\u00e1s\u00e1ra.<\/p>\n","protected":false},"excerpt":{"rendered":"<p>El\u00e9gedett a r\u00e9gi\u00f3ban \u00e9l\u0151k ad\u00f3fegyelm\u00e9vel az APEH r\u00e9gi\u00f3s igazgat\u00f3ja. Az \u0151stermel\u0151knek k\u00f6sz\u00f6nhet\u0151en b\u0151v\u00fclt az ad\u00f3z\u00f3k k\u00f6re, az ellen\u0151rz\u00e9sek hozad\u00e9kak\u00e9nt pedig dinamikusan n\u00f6vekedtek az ad\u00f3b\u00f3l sz\u00e1rmaz\u00f3 bev\u00e9telek. A jogszab\u00e1lyi v\u00e1ltoz\u00e1sok miatt mintegy nyolcezerrel b\u0151v\u00fclt az ad\u00f3z\u00f3k k\u00f6re 2007-ben , hiszen az \u0151stermel\u0151knek is ad\u00f3sz\u00e1mot kellett k\u00e9rni\u00fck. \u00cdgy a r\u00e9gi\u00f3 ad\u00f3alanyai k\u00f6zel 500 milli\u00e1rd ft brutt\u00f3 befizet\u00e9st [&hellip;]<\/p>\n","protected":false},"author":2,"featured_media":0,"comment_status":"open","ping_status":"open","sticky":false,"template":"","format":"standard","meta":[],"categories":[24],"tags":[],"_links":{"self":[{"href":"http:\/\/archiv.szolnoktv.hu\/index.php?rest_route=\/wp\/v2\/posts\/30459"}],"collection":[{"href":"http:\/\/archiv.szolnoktv.hu\/index.php?rest_route=\/wp\/v2\/posts"}],"about":[{"href":"http:\/\/archiv.szolnoktv.hu\/index.php?rest_route=\/wp\/v2\/types\/post"}],"author":[{"embeddable":true,"href":"http:\/\/archiv.szolnoktv.hu\/index.php?rest_route=\/wp\/v2\/users\/2"}],"replies":[{"embeddable":true,"href":"http:\/\/archiv.szolnoktv.hu\/index.php?rest_route=%2Fwp%2Fv2%2Fcomments&post=30459"}],"version-history":[{"count":1,"href":"http:\/\/archiv.szolnoktv.hu\/index.php?rest_route=\/wp\/v2\/posts\/30459\/revisions"}],"predecessor-version":[{"id":30588,"href":"http:\/\/archiv.szolnoktv.hu\/index.php?rest_route=\/wp\/v2\/posts\/30459\/revisions\/30588"}],"wp:attachment":[{"href":"http:\/\/archiv.szolnoktv.hu\/index.php?rest_route=%2Fwp%2Fv2%2Fmedia&parent=30459"}],"wp:term":[{"taxonomy":"category","embeddable":true,"href":"http:\/\/archiv.szolnoktv.hu\/index.php?rest_route=%2Fwp%2Fv2%2Fcategories&post=30459"},{"taxonomy":"post_tag","embeddable":true,"href":"http:\/\/archiv.szolnoktv.hu\/index.php?rest_route=%2Fwp%2Fv2%2Ftags&post=30459"}],"curies":[{"name":"wp","href":"https:\/\/api.w.org\/{rel}","templated":true}]}}