{"id":30458,"date":"2008-02-22T19:27:43","date_gmt":"2008-02-22T19:27:43","guid":{"rendered":"http:\/\/archiv.szolnoktv.hu\/?p=30458"},"modified":"2021-11-17T11:36:30","modified_gmt":"2021-11-17T11:36:30","slug":"szavazas-utan","status":"publish","type":"post","link":"http:\/\/archiv.szolnoktv.hu\/?p=30458","title":{"rendered":"Szavaz\u00e1s ut\u00e1n"},"content":{"rendered":"<div class='booster-block booster-read-block'><\/div><p>A Fidesz frakci\u00f3 b\u00fcszke arra, hogy olyan k\u00f6lts\u00e9gvet\u00e9st fogadott el a v\u00e1ros, amely az orsz\u00e1g neh\u00e9z helyzete ellen\u00e9re is fejleszt\u00e9seket, beruh\u00e1z\u00e1sokat biztos\u00edt Szolnokon. Dr. Boz\u00f3 Andrea a p\u00e1rt \u00f6nkorm\u00e1nyzati k\u00e9pvisel\u0151je ma t\u00e1j\u00e9koztat\u00f3j\u00e1n kiemelte: az egyik legnagyobb eredm\u00e9ny a k\u00f6lts\u00e9gvet\u00e9si hi\u00e1ny 1 eg\u00e9sz egy tized milli\u00e1rdos cs\u00f6kkent\u00e9se.<br \/>\nB\u00e1r a korm\u00e1ny neh\u00e9z helyzetbe sodorta az orsz\u00e1got, a frissen elfogadott k\u00f6lts\u00e9gvet\u00e9snek h\u00e1la a megyesz\u00e9khelyen tov\u00e1bb folytat\u00f3dhatnak a fejleszt\u00e9sek. &#8211;kezdte t\u00e1j\u00e9koztat\u00f3j\u00e1t a Fidesz \u00f6nkorm\u00e1nyzati k\u00e9pvisel\u0151je.  Dr. Boz\u00f3 Andrea p\u00e9ld\u00e1kkal is al\u00e1t\u00e1masztotta \u00e1ll\u00edt\u00e1s\u00e1t: elindul t\u00f6bb beruh\u00e1z\u00e1s is, mint a tiszaligeti infrastrukt\u00fara b\u0151v\u00edt\u00e9se, a gyalogh\u00edd meg\u00e9p\u00edt\u00e9se, az ipari park tov\u00e1bbi k\u00f6zm\u0171fejleszt\u00e9se, illetve megkezd\u0151dik a megl\u00e9v\u0151 \u00fat- \u00e9s j\u00e1rdah\u00e1l\u00f3zat fel\u00faj\u00edt\u00e1sa. Egy eg\u00e9sz egy tized milli\u00e1rdot lefaragott a v\u00e1ros a m\u0171k\u00f6d\u00e9si hi\u00e1nyb\u00f3l, ami tavaly csaknem 2,3 milli\u00e1rd volt, ez az idei k\u00f6lts\u00e9gvet\u00e9s egyik legnagyobb eredm\u00e9nye. Folytat\u00f3dik &#8211; r\u00e1szorults\u00e1g f\u00fcggv\u00e9ny\u00e9ben &#8211; gyermekeknek a &#8222;mindenki meleg \u00e9telt kap program&#8221;, a nyugd\u00edjasok sz\u00e1m\u00e1ra pedig 250 forinttal megemelt\u00e9k a szem\u00e9tsz\u00e1ll\u00edt\u00e1si t\u00e1mogat\u00e1st. Korszer\u0171s\u00edtik a lak\u00f3\u00e9p\u00fcleteket, fel\u00faj\u00edtj\u00e1k a tanuszod\u00e1t, 50 milli\u00f3t ford\u00edtanak j\u00e1tsz\u00f3terek fel\u00faj\u00edt\u00e1s\u00e1ra, l\u00e9tes\u00edt\u00e9s\u00e9re. Sz\u00e1mos pozit\u00edvuma ellen\u00e9re a szocialist\u00e1k nem t\u00e1mogatt\u00e1k a k\u00f6lts\u00e9gvet\u00e9st, a k\u00f6zgy\u0171l\u00e9s tegnapi  \u00fcl\u00e9s\u00e9n 15 igen \u00e9s 10 nem szavazat mellett m\u00e9gis j\u00f3v\u00e1hagyta a Szolnok idei k\u00f6lts\u00e9gvet\u00e9s\u00e9t.<\/p>\n","protected":false},"excerpt":{"rendered":"<p>A Fidesz frakci\u00f3 b\u00fcszke arra, hogy olyan k\u00f6lts\u00e9gvet\u00e9st fogadott el a v\u00e1ros, amely az orsz\u00e1g neh\u00e9z helyzete ellen\u00e9re is fejleszt\u00e9seket, beruh\u00e1z\u00e1sokat biztos\u00edt Szolnokon. Dr. Boz\u00f3 Andrea a p\u00e1rt \u00f6nkorm\u00e1nyzati k\u00e9pvisel\u0151je ma t\u00e1j\u00e9koztat\u00f3j\u00e1n kiemelte: az egyik legnagyobb eredm\u00e9ny a k\u00f6lts\u00e9gvet\u00e9si hi\u00e1ny 1 eg\u00e9sz egy tized milli\u00e1rdos cs\u00f6kkent\u00e9se. B\u00e1r a korm\u00e1ny neh\u00e9z helyzetbe sodorta az orsz\u00e1got, a [&hellip;]<\/p>\n","protected":false},"author":2,"featured_media":0,"comment_status":"open","ping_status":"open","sticky":false,"template":"","format":"standard","meta":[],"categories":[24],"tags":[],"_links":{"self":[{"href":"http:\/\/archiv.szolnoktv.hu\/index.php?rest_route=\/wp\/v2\/posts\/30458"}],"collection":[{"href":"http:\/\/archiv.szolnoktv.hu\/index.php?rest_route=\/wp\/v2\/posts"}],"about":[{"href":"http:\/\/archiv.szolnoktv.hu\/index.php?rest_route=\/wp\/v2\/types\/post"}],"author":[{"embeddable":true,"href":"http:\/\/archiv.szolnoktv.hu\/index.php?rest_route=\/wp\/v2\/users\/2"}],"replies":[{"embeddable":true,"href":"http:\/\/archiv.szolnoktv.hu\/index.php?rest_route=%2Fwp%2Fv2%2Fcomments&post=30458"}],"version-history":[{"count":1,"href":"http:\/\/archiv.szolnoktv.hu\/index.php?rest_route=\/wp\/v2\/posts\/30458\/revisions"}],"predecessor-version":[{"id":30589,"href":"http:\/\/archiv.szolnoktv.hu\/index.php?rest_route=\/wp\/v2\/posts\/30458\/revisions\/30589"}],"wp:attachment":[{"href":"http:\/\/archiv.szolnoktv.hu\/index.php?rest_route=%2Fwp%2Fv2%2Fmedia&parent=30458"}],"wp:term":[{"taxonomy":"category","embeddable":true,"href":"http:\/\/archiv.szolnoktv.hu\/index.php?rest_route=%2Fwp%2Fv2%2Fcategories&post=30458"},{"taxonomy":"post_tag","embeddable":true,"href":"http:\/\/archiv.szolnoktv.hu\/index.php?rest_route=%2Fwp%2Fv2%2Ftags&post=30458"}],"curies":[{"name":"wp","href":"https:\/\/api.w.org\/{rel}","templated":true}]}}