{"id":30457,"date":"2008-02-22T19:20:34","date_gmt":"2008-02-22T19:20:34","guid":{"rendered":"http:\/\/archiv.szolnoktv.hu\/?p=30457"},"modified":"2021-11-17T11:36:30","modified_gmt":"2021-11-17T11:36:30","slug":"vitat-oldott-a-gyasz","status":"publish","type":"post","link":"http:\/\/archiv.szolnoktv.hu\/?p=30457","title":{"rendered":"Vit\u00e1t oldott a gy\u00e1sz"},"content":{"rendered":"<div class='booster-block booster-read-block'><\/div><p>Elfogadt\u00e1k a J\u00e1sz-Nagykun-Szolnok Megyei \u00d6nkorm\u00e1nyzat 2008-as k\u00f6lts\u00e9gvet\u00e9s\u00e9t. Idei els\u0151 \u00fcl\u00e9s\u00e9n a test\u00fclet 4 milli\u00e1rd forint \u00e9rt\u00e9k\u0171 k\u00f6tv\u00e9nykibocs\u00e1t\u00e1sr\u00f3l is d\u00f6nt\u00f6tt. Az \u00f6sszeget csak \u00e9s kiz\u00e1r\u00f3lag fejleszt\u00e9sekre k\u00edv\u00e1nja ford\u00edtani a megye.<br \/>\nAz \u00fcl\u00e9s elej\u00e9n Dr. Bozs\u00f3 P\u00e9ter, a kedden elhunyt megyei f\u0151jegyz\u0151 eml\u00e9k\u00e9nek egy perces n\u00e9ma tiszteletad\u00e1ssal ad\u00f3zott J\u00e1sz-Nagyku-Szolnok Megye K\u00f6zgy\u0171l\u00e9se, majd az MSZP-frakci\u00f3 tagjai egy-egy sz\u00e1l feh\u00e9r r\u00f3zs\u00e1val r\u00f3tt\u00e1k le kegyelet\u00fcket. Tokajin\u00e9 Demecs Katalin frakci\u00f3vezet\u0151 azt is bejelentette, hogy a f\u0151jegyz\u0151 szakmais\u00e1g\u00e1ra tekintettel a szocialista k\u00e9pvisel\u0151csoport a mai napon nem vesz r\u00e9szt a politikai vit\u00e1ban, v\u00e9lem\u00e9ny\u00fcket szavazataikon kereszt\u00fcl nyilv\u00e1n\u00edtj\u00e1k ki.  M\u00e9rt\u00e9ktart\u00f3 magatart\u00e1st jelentetett be a Fidesz-KDNP-frakci\u00f3 r\u00e9sz\u00e9r\u0151l Moln\u00e1r Imre is, aki egyben a k\u00f6lts\u00e9gvet\u00e9s elfogad\u00e1s\u00e1t k\u00e9rte a test\u00fclett\u0151l. Id\u00e9n 17,2 milli\u00e1rd forintb\u00f3l gazd\u00e1lkodhat a megye, a tervezett hi\u00e1ny 834 milli\u00f3 forint. Jelent\u0151s bev\u00e9telkies\u00e9s sz\u00e1rmazik az \u00e1llami normat\u00edv\u00e1k cs\u00f6kken\u00e9s\u00e9b\u0151l, a szem\u00e9lyi j\u00f6vedelamad\u00f3 helyben marad\u00f3 r\u00e9sze pedig gyakorlatilag megegyezik a tavalyi \u00f6sszeggel. &#8222;Ez a k\u00e9t, \u00e9ves elvon\u00e1s k\u00f6zel 1 milli\u00e1rd forintos \u00f6sszeget jelent, s\u0151t, nem is k\u00f6zel, hanem ez meghaladja az 1 milli\u00e1rd forintot. Tulajdonk\u00e9ppen ezek azok a forr\u00e1sok, amelyek hi\u00e1nyoznak a m\u0171k\u00f6d\u00e9s\u00fcnkb\u0151l.&#8221;- mondta Fej\u00e9r Alnok a megyei k\u00f6zgy\u0171l\u00e9s eln\u00f6ke&#8230;..\u00c9ppen ez\u00e9rt az \u00e9v k\u00f6zben keletkez\u0151 t\u00f6bbletbev\u00e9teleket a hi\u00e1ny m\u00e9rs\u00e9kl\u00e9s\u00e9re kell ford\u00edtani &#8211; mondja ki a 23 igen \u00e9s 14 nem szavazattal elfogadott k\u00f6lts\u00e9gvet\u00e9si rendelet. Sok m\u00e1s megyei \u00e9s telep\u00fcl\u00e9si \u00f6nkorm\u00e1nyzathoz hasonl\u00f3an arr\u00f3l is d\u00f6nt\u00f6tt a test\u00fclet 23 igen, 13 nem \u00e9s 1 tart\u00f3zkod\u00e1s mellett, hogy 4 milli\u00e1rd forint \u00e9rt\u00e9kben, 20 \u00e9ves futamid\u0151vel, sv\u00e1jci frank alap\u00fa z\u00e1rtk\u00f6r\u0171 k\u00f6tv\u00e9nyt bocs\u00e1t ki a megyei \u00f6nkorm\u00e1nyzat. Fej\u00e9r Andor szerint olyan garanci\u00e1kat \u00e9p\u00edtettek be, amelyek lehet\u0151v\u00e9 teszik a felhaszn\u00e1lt \u00f6sszegek visszafizet\u00e9s\u00e9t. Szerett\u00fck volna a szocialista frakci\u00f3 v\u00e9lem\u00e9ny\u00e9t is meg\u00e9rdezni, tekintettel azonban az \u00fcl\u00e9s elej\u00e9n tett kijelent\u00e9s\u00fckre, miszerint nem vesznek r\u00e9szt a politikai vit\u00e1ban, nem k\u00edv\u00e1ntak nyilatkozni. \u00c1ll\u00e1spontjukat a k\u00f6lts\u00e9gvet\u00e9sr\u0151l \u00e9s a k\u00f6tv\u00e9nyr\u0151l j\u00f6v\u0151 h\u00e9ten sajt\u00f3t\u00e1j\u00e9koztat\u00f3 keret\u00e9ben ismertetik.<\/p>\n","protected":false},"excerpt":{"rendered":"<p>Elfogadt\u00e1k a J\u00e1sz-Nagykun-Szolnok Megyei \u00d6nkorm\u00e1nyzat 2008-as k\u00f6lts\u00e9gvet\u00e9s\u00e9t. Idei els\u0151 \u00fcl\u00e9s\u00e9n a test\u00fclet 4 milli\u00e1rd forint \u00e9rt\u00e9k\u0171 k\u00f6tv\u00e9nykibocs\u00e1t\u00e1sr\u00f3l is d\u00f6nt\u00f6tt. Az \u00f6sszeget csak \u00e9s kiz\u00e1r\u00f3lag fejleszt\u00e9sekre k\u00edv\u00e1nja ford\u00edtani a megye. Az \u00fcl\u00e9s elej\u00e9n Dr. Bozs\u00f3 P\u00e9ter, a kedden elhunyt megyei f\u0151jegyz\u0151 eml\u00e9k\u00e9nek egy perces n\u00e9ma tiszteletad\u00e1ssal ad\u00f3zott J\u00e1sz-Nagyku-Szolnok Megye K\u00f6zgy\u0171l\u00e9se, majd az MSZP-frakci\u00f3 tagjai egy-egy sz\u00e1l [&hellip;]<\/p>\n","protected":false},"author":2,"featured_media":0,"comment_status":"open","ping_status":"open","sticky":false,"template":"","format":"standard","meta":[],"categories":[24],"tags":[],"_links":{"self":[{"href":"http:\/\/archiv.szolnoktv.hu\/index.php?rest_route=\/wp\/v2\/posts\/30457"}],"collection":[{"href":"http:\/\/archiv.szolnoktv.hu\/index.php?rest_route=\/wp\/v2\/posts"}],"about":[{"href":"http:\/\/archiv.szolnoktv.hu\/index.php?rest_route=\/wp\/v2\/types\/post"}],"author":[{"embeddable":true,"href":"http:\/\/archiv.szolnoktv.hu\/index.php?rest_route=\/wp\/v2\/users\/2"}],"replies":[{"embeddable":true,"href":"http:\/\/archiv.szolnoktv.hu\/index.php?rest_route=%2Fwp%2Fv2%2Fcomments&post=30457"}],"version-history":[{"count":1,"href":"http:\/\/archiv.szolnoktv.hu\/index.php?rest_route=\/wp\/v2\/posts\/30457\/revisions"}],"predecessor-version":[{"id":30590,"href":"http:\/\/archiv.szolnoktv.hu\/index.php?rest_route=\/wp\/v2\/posts\/30457\/revisions\/30590"}],"wp:attachment":[{"href":"http:\/\/archiv.szolnoktv.hu\/index.php?rest_route=%2Fwp%2Fv2%2Fmedia&parent=30457"}],"wp:term":[{"taxonomy":"category","embeddable":true,"href":"http:\/\/archiv.szolnoktv.hu\/index.php?rest_route=%2Fwp%2Fv2%2Fcategories&post=30457"},{"taxonomy":"post_tag","embeddable":true,"href":"http:\/\/archiv.szolnoktv.hu\/index.php?rest_route=%2Fwp%2Fv2%2Ftags&post=30457"}],"curies":[{"name":"wp","href":"https:\/\/api.w.org\/{rel}","templated":true}]}}