{"id":30456,"date":"2008-02-20T21:06:24","date_gmt":"2008-02-20T21:06:24","guid":{"rendered":"http:\/\/archiv.szolnoktv.hu\/?p=30456"},"modified":"2021-11-17T11:36:31","modified_gmt":"2021-11-17T11:36:31","slug":"derus-orak-3","status":"publish","type":"post","link":"http:\/\/archiv.szolnoktv.hu\/?p=30456","title":{"rendered":"Der\u0171s \u00f3r\u00e1k"},"content":{"rendered":"<div class='booster-block booster-read-block'><\/div><p>J\u00f3 hangulat, zene, t\u00e1nc &#8211; ez jellemezte a szolnoki nyugd\u00edjas klubok Der\u0171s \u00f3r\u00e1k rendezv\u00e9ny\u00e9t. H\u00fasz klub k\u00f6zel 250 tagja t\u00f6lt\u00f6tte egy\u00fctt a d\u00e9lut\u00e1nt a sz\u00f3rakoz\u00e1s jegy\u00e9ben az Aba-Nov\u00e1k Kultur\u00e1lis K\u00f6zpontban.<br \/>\nDer\u0171s \u00f3r\u00e1k c\u00edmmel zen\u00e9s, m\u0171soros d\u00e9lut\u00e1nt tartottak ma az Aba-Nov\u00e1k Kultur\u00e1lis K\u00f6zpontban a Szolnok V\u00e1rosi Klubok \u00e9s Nyugd\u00edjasok \u00c9rdekv\u00e9delmi \u00e9s Kultur\u00e1lis Egyes\u00fclete szervez\u00e9s\u00e9ben. A rendezv\u00e9nyen 20 nyugd\u00edjas klub k\u00f6zel 250 tagja vett r\u00e9szt. A d\u00e9lut\u00e1n a farsang jegy\u00e9ben telt. Volt m\u0171sor, jelmezes felvonul\u00e1s, \u00e9s persze elmaradhatatlan zene, t\u00e1nc \u00e9s tombola. Az esem\u00e9nynek egy k\u00fcl\u00f6nleges aprop\u00f3ja is volt. A Der\u0171s \u00f3r\u00e1kat k\u00e9thavonta tartanak ebben az \u00e9vben. Az egyes\u00fclet ezen k\u00edv\u00fcl t\u00f6bb \u00e9rdekes programot tartogat id\u00e9n a nyugd\u00edjasoknak: sportnapot, any\u00e1knapi, id\u0151sek napi \u00e9s sz\u00fcreti rendezv\u00e9nyeket, eg\u00e9szs\u00e9g\u00fcgyi tan\u00e1csad\u00e1sokat \u00e9s kir\u00e1ndul\u00e1sokat.<\/p>\n","protected":false},"excerpt":{"rendered":"<p>J\u00f3 hangulat, zene, t\u00e1nc &#8211; ez jellemezte a szolnoki nyugd\u00edjas klubok Der\u0171s \u00f3r\u00e1k rendezv\u00e9ny\u00e9t. H\u00fasz klub k\u00f6zel 250 tagja t\u00f6lt\u00f6tte egy\u00fctt a d\u00e9lut\u00e1nt a sz\u00f3rakoz\u00e1s jegy\u00e9ben az Aba-Nov\u00e1k Kultur\u00e1lis K\u00f6zpontban. Der\u0171s \u00f3r\u00e1k c\u00edmmel zen\u00e9s, m\u0171soros d\u00e9lut\u00e1nt tartottak ma az Aba-Nov\u00e1k Kultur\u00e1lis K\u00f6zpontban a Szolnok V\u00e1rosi Klubok \u00e9s Nyugd\u00edjasok \u00c9rdekv\u00e9delmi \u00e9s Kultur\u00e1lis Egyes\u00fclete szervez\u00e9s\u00e9ben. A rendezv\u00e9nyen [&hellip;]<\/p>\n","protected":false},"author":2,"featured_media":0,"comment_status":"open","ping_status":"open","sticky":false,"template":"","format":"standard","meta":[],"categories":[24],"tags":[],"_links":{"self":[{"href":"http:\/\/archiv.szolnoktv.hu\/index.php?rest_route=\/wp\/v2\/posts\/30456"}],"collection":[{"href":"http:\/\/archiv.szolnoktv.hu\/index.php?rest_route=\/wp\/v2\/posts"}],"about":[{"href":"http:\/\/archiv.szolnoktv.hu\/index.php?rest_route=\/wp\/v2\/types\/post"}],"author":[{"embeddable":true,"href":"http:\/\/archiv.szolnoktv.hu\/index.php?rest_route=\/wp\/v2\/users\/2"}],"replies":[{"embeddable":true,"href":"http:\/\/archiv.szolnoktv.hu\/index.php?rest_route=%2Fwp%2Fv2%2Fcomments&post=30456"}],"version-history":[{"count":1,"href":"http:\/\/archiv.szolnoktv.hu\/index.php?rest_route=\/wp\/v2\/posts\/30456\/revisions"}],"predecessor-version":[{"id":30591,"href":"http:\/\/archiv.szolnoktv.hu\/index.php?rest_route=\/wp\/v2\/posts\/30456\/revisions\/30591"}],"wp:attachment":[{"href":"http:\/\/archiv.szolnoktv.hu\/index.php?rest_route=%2Fwp%2Fv2%2Fmedia&parent=30456"}],"wp:term":[{"taxonomy":"category","embeddable":true,"href":"http:\/\/archiv.szolnoktv.hu\/index.php?rest_route=%2Fwp%2Fv2%2Fcategories&post=30456"},{"taxonomy":"post_tag","embeddable":true,"href":"http:\/\/archiv.szolnoktv.hu\/index.php?rest_route=%2Fwp%2Fv2%2Ftags&post=30456"}],"curies":[{"name":"wp","href":"https:\/\/api.w.org\/{rel}","templated":true}]}}