{"id":30455,"date":"2008-02-20T21:04:45","date_gmt":"2008-02-20T21:04:45","guid":{"rendered":"http:\/\/archiv.szolnoktv.hu\/?p=30455"},"modified":"2021-11-17T11:36:31","modified_gmt":"2021-11-17T11:36:31","slug":"hod-oltak","status":"publish","type":"post","link":"http:\/\/archiv.szolnoktv.hu\/?p=30455","title":{"rendered":"H\u00f3d- oltak"},"content":{"rendered":"<div class='booster-block booster-read-block'><\/div><p>Szolnokon n\u00e9pszer\u0171s\u00edtette h\u00f3d-visszatelep\u00edt\u00e9si programj\u00e1t a WWF Magyarorsz\u00e1g. A Vil\u00e1g Vadv\u00e9delmi Alap aktivist\u00e1i d\u00e9lel\u0151tt az OBI \u00e1ruh\u00e1zban tartottak rendhagy\u00f3 term\u00e9szetismeret \u00f3r\u00e1t az \u00e9rdekl\u0151d\u0151 szolnoki iskol\u00e1k di\u00e1kjainak.<br \/>\nHogy n\u00e9z ki a h\u00f3d, milyen&#8230;hogy n\u00e9z ki az \u00e9l\u0151helye, \u00e9s mikkel t\u00e1pl\u00e1lkozik? &#8230; Egyebek mellett ezekre a k\u00e9rd\u00e9sekre is v\u00e1laszt kaphattak azok a di\u00e1kok, akik r\u00e9szt vettek az OBI \u00e9s a WWF k\u00f6z\u00f6s h\u00f3dismereti \u00f3r\u00e1j\u00e1n a szolnoki bark\u00e1cs\u00e1ruh\u00e1zban. A di\u00e1koknak r\u00f6vid ismeretterjeszt\u0151 filmet mutattak be a h\u00f3dokr\u00f3l, illetve azok visszatelep\u00edt\u00e9s\u00e9r\u0151l. Ezt k\u00f6vet\u0151en aki akart, tot\u00f3t t\u00f6lthetett ki, vagy megcsod\u00e1lhatta a prepar\u00e1lt h\u00f3dot, illetve az eredeti h\u00f3dr\u00e1gta fat\u00f6rzsmetszetet. Az eur\u00e1zsiai h\u00f3d valaha eg\u00e9sz f\u00f6ldr\u00e9sz\u00fcnk foly\u00f3 menti ligeterdeit \u00e9s \u00e1ll\u00f3vizeit ben\u00e9pes\u00edtette, azonban a 20.sz\u00e1zad elej\u00e9re Eur\u00f3pa nagy r\u00e9szeir\u0151l kipusztult. K\u00e9s\u0151bb t\u00f6bb orsz\u00e1gban, az 1990-es \u00e9vek elej\u00e9n pedig haz\u00e1nkban is megkezd\u0151d\u00f6tt a WWF k\u00f6zrem\u0171k\u00f6d\u00e9s\u00e9vel a h\u00f3dok visszatelep\u00edt\u00e9se. A gyerekek \u00e9rdekl\u0151dve figyelt\u00e9k az el\u0151ad\u00e1st, eddig ugyanis csak keveset hallottak az \u00e1llatr\u00f3l. A WWF \u00e9s az OBi \u00f6sszefog\u00e1s\u00e1nak h\u00e1la eddig t\u00f6bb mint k\u00e9tezer kisdi\u00e1k vehetett r\u00e9szt h\u00f3dismereti \u00f3r\u00e1kon szerte az orsz\u00e1gban. <\/p>\n","protected":false},"excerpt":{"rendered":"<p>Szolnokon n\u00e9pszer\u0171s\u00edtette h\u00f3d-visszatelep\u00edt\u00e9si programj\u00e1t a WWF Magyarorsz\u00e1g. A Vil\u00e1g Vadv\u00e9delmi Alap aktivist\u00e1i d\u00e9lel\u0151tt az OBI \u00e1ruh\u00e1zban tartottak rendhagy\u00f3 term\u00e9szetismeret \u00f3r\u00e1t az \u00e9rdekl\u0151d\u0151 szolnoki iskol\u00e1k di\u00e1kjainak. Hogy n\u00e9z ki a h\u00f3d, milyen&#8230;hogy n\u00e9z ki az \u00e9l\u0151helye, \u00e9s mikkel t\u00e1pl\u00e1lkozik? &#8230; Egyebek mellett ezekre a k\u00e9rd\u00e9sekre is v\u00e1laszt kaphattak azok a di\u00e1kok, akik r\u00e9szt vettek az OBI [&hellip;]<\/p>\n","protected":false},"author":2,"featured_media":0,"comment_status":"open","ping_status":"open","sticky":false,"template":"","format":"standard","meta":[],"categories":[24],"tags":[],"_links":{"self":[{"href":"http:\/\/archiv.szolnoktv.hu\/index.php?rest_route=\/wp\/v2\/posts\/30455"}],"collection":[{"href":"http:\/\/archiv.szolnoktv.hu\/index.php?rest_route=\/wp\/v2\/posts"}],"about":[{"href":"http:\/\/archiv.szolnoktv.hu\/index.php?rest_route=\/wp\/v2\/types\/post"}],"author":[{"embeddable":true,"href":"http:\/\/archiv.szolnoktv.hu\/index.php?rest_route=\/wp\/v2\/users\/2"}],"replies":[{"embeddable":true,"href":"http:\/\/archiv.szolnoktv.hu\/index.php?rest_route=%2Fwp%2Fv2%2Fcomments&post=30455"}],"version-history":[{"count":1,"href":"http:\/\/archiv.szolnoktv.hu\/index.php?rest_route=\/wp\/v2\/posts\/30455\/revisions"}],"predecessor-version":[{"id":30592,"href":"http:\/\/archiv.szolnoktv.hu\/index.php?rest_route=\/wp\/v2\/posts\/30455\/revisions\/30592"}],"wp:attachment":[{"href":"http:\/\/archiv.szolnoktv.hu\/index.php?rest_route=%2Fwp%2Fv2%2Fmedia&parent=30455"}],"wp:term":[{"taxonomy":"category","embeddable":true,"href":"http:\/\/archiv.szolnoktv.hu\/index.php?rest_route=%2Fwp%2Fv2%2Fcategories&post=30455"},{"taxonomy":"post_tag","embeddable":true,"href":"http:\/\/archiv.szolnoktv.hu\/index.php?rest_route=%2Fwp%2Fv2%2Ftags&post=30455"}],"curies":[{"name":"wp","href":"https:\/\/api.w.org\/{rel}","templated":true}]}}