{"id":30454,"date":"2008-02-20T21:03:06","date_gmt":"2008-02-20T21:03:06","guid":{"rendered":"http:\/\/archiv.szolnoktv.hu\/?p=30454"},"modified":"2021-11-17T11:36:31","modified_gmt":"2021-11-17T11:36:31","slug":"riszi-het-2","status":"publish","type":"post","link":"http:\/\/archiv.szolnoktv.hu\/?p=30454","title":{"rendered":"Riszi h\u00e9t"},"content":{"rendered":"<div class='booster-block booster-read-block'><\/div><p>Ism\u00e9t szakmai h\u00e9t a Riszi-ben. P\u00e9ntekig fodr\u00e1sz \u00e9s divatbemutat\u00f3k, m\u0171velts\u00e9gi vet\u00e9lked\u0151k, angol, valamint n\u00e9met nyelvismereti gyakorlatok v\u00e1rj\u00e1k a di\u00e1kokat a Ruhaipari Szakk\u00f6z\u00e9p \u00e9s Szakiskol\u00e1ban. A m\u00e1r hagyom\u00e1nyosnak mondhat\u00f3 divatbemutat\u00f3val egybek\u00f6t\u00f6tt g\u00e1la szombaton lesz az Aba-Nov\u00e1k Kultur\u00e1lis K\u00f6zpontban.<br \/>\nCz\u00e9dly M\u00f3nika, a g\u00f6d\u00f6ll\u0151i kast\u00e9ly munkat\u00e1rsa mutatta be Erzs\u00e9bet kir\u00e1lyn\u00e9 koron\u00e1z\u00e1si \u00e9s gy\u00e9m\u00e1ntcsikpe ruh\u00e1j\u00e1t valamint \u00e9kszereit a riszis di\u00e1koknak. Az iskola szakmai het\u00e9nek harmadik napj\u00e1n ez volt a legnagyobb \u00e9rdekl\u0151d\u00e9ssel k\u00eds\u00e9rt el\u0151ad\u00e1s. Itt azonban nem Sissy t\u00f6rt\u00e9nelmi szerep\u00e9re vagy \u00e9ppen leny\u00fcg\u00f6z\u0151 sz\u00e9ps\u00e9g\u00e9re fektett\u00e9k a hangs\u00falyt. A Riszi h\u00e9t hat napj\u00e1n egybek mellett kozmetikai \u00e9s fodr\u00e1sz bemutat\u00f3k \u00e9s versenyek, k\u00e9zm\u0171ves h\u00e1z, informatikai \u00e9s  m\u0171velts\u00e9gi vet\u00e9lked\u0151k, angol, valamint n\u00e9met nyelvismereti gyakorlatok v\u00e1rj\u00e1k a di\u00e1kokat. A c\u00e9l az, hogy a tanul\u00f3k min\u00e9l jobban megismerj\u00e9k v\u00e1lasztott szakm\u00e1jukat. A h\u00e9t f\u00e9nypontja a szombati divat-, fodr\u00e1sz &#8211; \u00e9s kozmetikus bemutat\u00f3 lesz, melyre m\u00e1r hetek \u00f3ta k\u00e9sz\u00fclnek. A szombati g\u00e1l\u00e1ra mindenkit szeretettel v\u00e1rnak az Aba-Nov\u00e1k Kultur\u00e1lis k\u00f6zpontba.<\/p>\n","protected":false},"excerpt":{"rendered":"<p>Ism\u00e9t szakmai h\u00e9t a Riszi-ben. P\u00e9ntekig fodr\u00e1sz \u00e9s divatbemutat\u00f3k, m\u0171velts\u00e9gi vet\u00e9lked\u0151k, angol, valamint n\u00e9met nyelvismereti gyakorlatok v\u00e1rj\u00e1k a di\u00e1kokat a Ruhaipari Szakk\u00f6z\u00e9p \u00e9s Szakiskol\u00e1ban. A m\u00e1r hagyom\u00e1nyosnak mondhat\u00f3 divatbemutat\u00f3val egybek\u00f6t\u00f6tt g\u00e1la szombaton lesz az Aba-Nov\u00e1k Kultur\u00e1lis K\u00f6zpontban. Cz\u00e9dly M\u00f3nika, a g\u00f6d\u00f6ll\u0151i kast\u00e9ly munkat\u00e1rsa mutatta be Erzs\u00e9bet kir\u00e1lyn\u00e9 koron\u00e1z\u00e1si \u00e9s gy\u00e9m\u00e1ntcsikpe ruh\u00e1j\u00e1t valamint \u00e9kszereit a riszis [&hellip;]<\/p>\n","protected":false},"author":2,"featured_media":0,"comment_status":"open","ping_status":"open","sticky":false,"template":"","format":"standard","meta":[],"categories":[24],"tags":[],"_links":{"self":[{"href":"http:\/\/archiv.szolnoktv.hu\/index.php?rest_route=\/wp\/v2\/posts\/30454"}],"collection":[{"href":"http:\/\/archiv.szolnoktv.hu\/index.php?rest_route=\/wp\/v2\/posts"}],"about":[{"href":"http:\/\/archiv.szolnoktv.hu\/index.php?rest_route=\/wp\/v2\/types\/post"}],"author":[{"embeddable":true,"href":"http:\/\/archiv.szolnoktv.hu\/index.php?rest_route=\/wp\/v2\/users\/2"}],"replies":[{"embeddable":true,"href":"http:\/\/archiv.szolnoktv.hu\/index.php?rest_route=%2Fwp%2Fv2%2Fcomments&post=30454"}],"version-history":[{"count":1,"href":"http:\/\/archiv.szolnoktv.hu\/index.php?rest_route=\/wp\/v2\/posts\/30454\/revisions"}],"predecessor-version":[{"id":30593,"href":"http:\/\/archiv.szolnoktv.hu\/index.php?rest_route=\/wp\/v2\/posts\/30454\/revisions\/30593"}],"wp:attachment":[{"href":"http:\/\/archiv.szolnoktv.hu\/index.php?rest_route=%2Fwp%2Fv2%2Fmedia&parent=30454"}],"wp:term":[{"taxonomy":"category","embeddable":true,"href":"http:\/\/archiv.szolnoktv.hu\/index.php?rest_route=%2Fwp%2Fv2%2Fcategories&post=30454"},{"taxonomy":"post_tag","embeddable":true,"href":"http:\/\/archiv.szolnoktv.hu\/index.php?rest_route=%2Fwp%2Fv2%2Ftags&post=30454"}],"curies":[{"name":"wp","href":"https:\/\/api.w.org\/{rel}","templated":true}]}}