{"id":30453,"date":"2008-02-20T21:01:22","date_gmt":"2008-02-20T21:01:22","guid":{"rendered":"http:\/\/archiv.szolnoktv.hu\/?p=30453"},"modified":"2021-11-17T11:36:31","modified_gmt":"2021-11-17T11:36:31","slug":"nivodijas-szakkepzo-hely","status":"publish","type":"post","link":"http:\/\/archiv.szolnoktv.hu\/?p=30453","title":{"rendered":"N\u00edv\u00f3d\u00edjas szakk\u00e9pz\u0151 hely"},"content":{"rendered":"<div class='booster-block booster-read-block'><\/div><p>Elismer\u00e9s a G\u00e9piparinak. A Szoci\u00e1lis \u00e9s Munka\u00fcgyi Miniszt\u00e9rium tavaly alap\u00edtotta az iskol\u00e1k sz\u00e1m\u00e1ra a N\u00edv\u00f3d\u00edjas Szakk\u00e9pz\u00e9s kit\u00fcntet\u0151 c\u00edmet. A G\u00e9pipari, K\u00f6zleked\u00e9si Szakk\u00f6z\u00e9p- \u00e9s Szakiskola az els\u0151k k\u00f6z\u00f6tt vehette \u00e1t az elismer\u00e9st.<br \/>\nA 2007-ben ny\u00fajtott teljes\u00edtm\u00e9nye alapj\u00e1n kapott kit\u00fcntet\u0151 c\u00edmet a szolnoki G\u00e9pipari, K\u00f6zleked\u00e9si Szakk\u00f6z\u00e9p- \u00e9s Szakiskola.  A Szoci\u00e1lis \u00e9s Munka\u00fcgyi Miniszt\u00e9rium d\u00edj\u00e1t az els\u0151 \u00edzben jutalmazott iskol\u00e1k igazgat\u00f3i tegnap vehett\u00e9k \u00e1t. R\u00e9gi\u00f3nk\u00e9nt egy, \u00f6sszesen hat int\u00e9zm\u00e9ny volt \u00e9rdemes a N\u00edv\u00f3d\u00edjas Szakk\u00e9pz\u00e9s c\u00edmre, mely nemcsak eszmei \u00e9rt\u00e9ket k\u00e9pvisel, de a nemr\u00e9g teljesen meg\u00fajult k\u00f6z\u00e9piskola 27 milli\u00f3 forintot is kapott. Ezt az \u00f6sszeget, mint azt G\u00fath Ferenc igazgat\u00f3 elmondta, fejleszt\u00e9sekre ford\u00edtj\u00e1k. T\u00f6bbek k\u00f6z\u00f6tt a Stadler gy\u00e1r Szolnokra telep\u00fcl\u00e9se miatt alum\u00ednium hegeszt\u0151 berendez\u00e9seket v\u00e1s\u00e1roltak. Az iskola j\u00f3 kapcsolatot \u00e9p\u00edtett ki egyes c\u00e9gekkel, gy\u00e1rakkal, \u00edgy az itt v\u00e9gzett di\u00e1kok viszonylag k\u00f6nnyen szerezhetnek szakmai gyakorlatot, valamint majdani elhelyezked\u00e9s\u00fck is sikeresebb lehet.  Id\u00e9n a miniszt\u00e9rium ism\u00e9t hat iskol\u00e1t d\u00edjaz majd. \u00cdgy az \u00f6sszesen 12 kit\u00fcntetett int\u00e9zm\u00e9ny megalap\u00edtan\u00e1 a N\u00edv\u00f3d\u00edjas Szakk\u00e9pz\u0151k Orsz\u00e1gos Sz\u00f6vets\u00e9g\u00e9t. Ennek l\u00e9nyege, hogy szakmai v\u00e9lem\u00e9ny\u00fcket, tapasztalataikat megossz\u00e1k egym\u00e1ssal, valamint a t\u00f6bbi hasonl\u00f3 tev\u00e9kenys\u00e9get v\u00e9gz\u0151 iskol\u00e1val.<\/p>\n","protected":false},"excerpt":{"rendered":"<p>Elismer\u00e9s a G\u00e9piparinak. A Szoci\u00e1lis \u00e9s Munka\u00fcgyi Miniszt\u00e9rium tavaly alap\u00edtotta az iskol\u00e1k sz\u00e1m\u00e1ra a N\u00edv\u00f3d\u00edjas Szakk\u00e9pz\u00e9s kit\u00fcntet\u0151 c\u00edmet. A G\u00e9pipari, K\u00f6zleked\u00e9si Szakk\u00f6z\u00e9p- \u00e9s Szakiskola az els\u0151k k\u00f6z\u00f6tt vehette \u00e1t az elismer\u00e9st. A 2007-ben ny\u00fajtott teljes\u00edtm\u00e9nye alapj\u00e1n kapott kit\u00fcntet\u0151 c\u00edmet a szolnoki G\u00e9pipari, K\u00f6zleked\u00e9si Szakk\u00f6z\u00e9p- \u00e9s Szakiskola. A Szoci\u00e1lis \u00e9s Munka\u00fcgyi Miniszt\u00e9rium d\u00edj\u00e1t az els\u0151 \u00edzben [&hellip;]<\/p>\n","protected":false},"author":2,"featured_media":0,"comment_status":"open","ping_status":"open","sticky":false,"template":"","format":"standard","meta":[],"categories":[24],"tags":[],"_links":{"self":[{"href":"http:\/\/archiv.szolnoktv.hu\/index.php?rest_route=\/wp\/v2\/posts\/30453"}],"collection":[{"href":"http:\/\/archiv.szolnoktv.hu\/index.php?rest_route=\/wp\/v2\/posts"}],"about":[{"href":"http:\/\/archiv.szolnoktv.hu\/index.php?rest_route=\/wp\/v2\/types\/post"}],"author":[{"embeddable":true,"href":"http:\/\/archiv.szolnoktv.hu\/index.php?rest_route=\/wp\/v2\/users\/2"}],"replies":[{"embeddable":true,"href":"http:\/\/archiv.szolnoktv.hu\/index.php?rest_route=%2Fwp%2Fv2%2Fcomments&post=30453"}],"version-history":[{"count":1,"href":"http:\/\/archiv.szolnoktv.hu\/index.php?rest_route=\/wp\/v2\/posts\/30453\/revisions"}],"predecessor-version":[{"id":30594,"href":"http:\/\/archiv.szolnoktv.hu\/index.php?rest_route=\/wp\/v2\/posts\/30453\/revisions\/30594"}],"wp:attachment":[{"href":"http:\/\/archiv.szolnoktv.hu\/index.php?rest_route=%2Fwp%2Fv2%2Fmedia&parent=30453"}],"wp:term":[{"taxonomy":"category","embeddable":true,"href":"http:\/\/archiv.szolnoktv.hu\/index.php?rest_route=%2Fwp%2Fv2%2Fcategories&post=30453"},{"taxonomy":"post_tag","embeddable":true,"href":"http:\/\/archiv.szolnoktv.hu\/index.php?rest_route=%2Fwp%2Fv2%2Ftags&post=30453"}],"curies":[{"name":"wp","href":"https:\/\/api.w.org\/{rel}","templated":true}]}}