{"id":30452,"date":"2008-02-20T20:59:16","date_gmt":"2008-02-20T20:59:16","guid":{"rendered":"http:\/\/archiv.szolnoktv.hu\/?p=30452"},"modified":"2021-11-17T11:36:31","modified_gmt":"2021-11-17T11:36:31","slug":"nem-jutottak-messzire-zsakmannyal","status":"publish","type":"post","link":"http:\/\/archiv.szolnoktv.hu\/?p=30452","title":{"rendered":"Nem jutottak messzire zs\u00e1km\u00e1nnyal"},"content":{"rendered":"<div class='booster-block booster-read-block'><\/div><p>Ak\u00e1r h\u00e1rom \u00e9vre is b\u00fcntethet\u0151 az orvhal\u00e1szat. \u00dajabb illeg\u00e1lisan tev\u00e9kenyked\u0151 t\u00e1rsas\u00e1got kapott el a v\u00edzirend\u0151rs\u00e9g. Az anyagi k\u00e1r jelen esetben 30-35 ezer forint k\u00f6r\u00fcli, de a rapsicok enn\u00e9l l\u00e9nyegesen t\u00f6bb k\u00e1rt okoznak a tavakban, foly\u00f3kban.<br \/>\nM\u00e1sf\u00e9l hete \u00fajabb orvhal\u00e1szokat kapott el a v\u00edzirend\u0151rs\u00e9g. Az elk\u00f6vet\u0151k ez\u00fattal a Holt-Tisza hal\u00e1llom\u00e1ny\u00e1t ritk\u00edtott\u00e1k meg. Az illeg\u00e1lis hal\u00e1szatr\u00f3l kapott bejelent\u00e9s alapj\u00e1n a rend\u0151r\u00f6k a Magyar Orsz\u00e1gos Horg\u00e1sz Sz\u00f6vets\u00e9g munkat\u00e1rsaival, valamint hal\u0151r\u00f6kkel kar\u00f6ltve kapt\u00e1k el a gyan\u00fas\u00edtottakat. A h\u00e1rom f\u00e9rfin\u00e9l n\u00e9gy pontyot, k\u00e9t am\u00fart, egy t\u00f6rpeharcs\u00e1t, h\u00e1rom folyami r\u00e1kot, valamint k\u00e9t kil\u00f3 v\u00e1ndor \u00e9s egy darab folyami kagyl\u00f3t tal\u00e1ltak, melyeket visszaengedtek a Holt-Tisz\u00e1ba. Ez a r\u00e1k viszont az\u00f3ta is a h\u00e1l\u00f3 rabja. Miut\u00e1n kiv\u00e1gt\u00e1k, visszaengedt\u00e9k a foly\u00f3ba, hiszen m\u00e9g \u00e9letben volt. Jelenleg t\u00f6bb \u00fcgyben is nyomoz a rend\u0151rs\u00e9g, t\u00f6bb kisebb csoport ellen. Orvhal\u00e1szok azonban val\u00f3sz\u00edn\u0171leg mindig lesznek, hiszen b\u00e1r illeg\u00e1lis, de igen j\u00f6vedelmez\u0151 foglalkoz\u00e1s az \u00f6v\u00e9k\u00e9. A h\u00e1rom f\u00e9rfit \u00e1llatk\u00ednz\u00e1ssal \u00e9s lop\u00e1ssal gyan\u00fas\u00edtj\u00e1k. Amennnyiben ezek beigazol\u00f3dnak, \u00fagy ak\u00e1r h\u00e1rom \u00e9v b\u00f6rt\u00f6nre \u00edt\u00e9lhetik \u0151ket.<\/p>\n","protected":false},"excerpt":{"rendered":"<p>Ak\u00e1r h\u00e1rom \u00e9vre is b\u00fcntethet\u0151 az orvhal\u00e1szat. \u00dajabb illeg\u00e1lisan tev\u00e9kenyked\u0151 t\u00e1rsas\u00e1got kapott el a v\u00edzirend\u0151rs\u00e9g. Az anyagi k\u00e1r jelen esetben 30-35 ezer forint k\u00f6r\u00fcli, de a rapsicok enn\u00e9l l\u00e9nyegesen t\u00f6bb k\u00e1rt okoznak a tavakban, foly\u00f3kban. M\u00e1sf\u00e9l hete \u00fajabb orvhal\u00e1szokat kapott el a v\u00edzirend\u0151rs\u00e9g. Az elk\u00f6vet\u0151k ez\u00fattal a Holt-Tisza hal\u00e1llom\u00e1ny\u00e1t ritk\u00edtott\u00e1k meg. Az illeg\u00e1lis hal\u00e1szatr\u00f3l kapott [&hellip;]<\/p>\n","protected":false},"author":2,"featured_media":0,"comment_status":"open","ping_status":"open","sticky":false,"template":"","format":"standard","meta":[],"categories":[24],"tags":[],"_links":{"self":[{"href":"http:\/\/archiv.szolnoktv.hu\/index.php?rest_route=\/wp\/v2\/posts\/30452"}],"collection":[{"href":"http:\/\/archiv.szolnoktv.hu\/index.php?rest_route=\/wp\/v2\/posts"}],"about":[{"href":"http:\/\/archiv.szolnoktv.hu\/index.php?rest_route=\/wp\/v2\/types\/post"}],"author":[{"embeddable":true,"href":"http:\/\/archiv.szolnoktv.hu\/index.php?rest_route=\/wp\/v2\/users\/2"}],"replies":[{"embeddable":true,"href":"http:\/\/archiv.szolnoktv.hu\/index.php?rest_route=%2Fwp%2Fv2%2Fcomments&post=30452"}],"version-history":[{"count":1,"href":"http:\/\/archiv.szolnoktv.hu\/index.php?rest_route=\/wp\/v2\/posts\/30452\/revisions"}],"predecessor-version":[{"id":30595,"href":"http:\/\/archiv.szolnoktv.hu\/index.php?rest_route=\/wp\/v2\/posts\/30452\/revisions\/30595"}],"wp:attachment":[{"href":"http:\/\/archiv.szolnoktv.hu\/index.php?rest_route=%2Fwp%2Fv2%2Fmedia&parent=30452"}],"wp:term":[{"taxonomy":"category","embeddable":true,"href":"http:\/\/archiv.szolnoktv.hu\/index.php?rest_route=%2Fwp%2Fv2%2Fcategories&post=30452"},{"taxonomy":"post_tag","embeddable":true,"href":"http:\/\/archiv.szolnoktv.hu\/index.php?rest_route=%2Fwp%2Fv2%2Ftags&post=30452"}],"curies":[{"name":"wp","href":"https:\/\/api.w.org\/{rel}","templated":true}]}}