{"id":30450,"date":"2008-02-20T20:50:21","date_gmt":"2008-02-20T20:50:21","guid":{"rendered":"http:\/\/archiv.szolnoktv.hu\/?p=30450"},"modified":"2021-11-17T11:36:31","modified_gmt":"2021-11-17T11:36:31","slug":"nehez-orokseg-biztato-jovo","status":"publish","type":"post","link":"http:\/\/archiv.szolnoktv.hu\/?p=30450","title":{"rendered":"Neh\u00e9z \u00f6r\u00f6ks\u00e9g, biztat\u00f3 j\u00f6v\u0151"},"content":{"rendered":"<div class='booster-block booster-read-block'><\/div><p>Az idei k\u00f6lts\u00e9gvet\u00e9s az \u00f6r\u00f6k\u00f6lt neh\u00e9zs\u00e9gek f\u00f6lsz\u00e1mol\u00e1s\u00e1nak a k\u00f6lts\u00e9gvet\u00e9se lesz &#8211; fogalmazott Szalay Ferenc polg\u00e1rmester mai sajt\u00f3t\u00e1j\u00e9koztat\u00f3j\u00e1n.<br \/>\nA hi\u00e1nyt egy\u00e9bk\u00e9nt egymilli\u00e1rd forinttal m\u00e1r siker\u00fclt cs\u00f6kkenteni, noha folyamatosan \u00e9rezhetik az \u00f6nkorm\u00e1nyzatok a korm\u00e1ny megszor\u00edt\u00f3 int\u00e9zked\u00e9seit &#8211; \u00edgy a polg\u00e1rmester. A m\u0171k\u00f6d\u00e9si k\u00f6lts\u00e9gek tov\u00e1bbi kurt\u00edt\u00e1sa m\u00e1r szinte lehetetlen helyzetbe hozhatja a falvakat, v\u00e1rosokat, \u00edgy Szolnokot is. Az er\u0151sen furcs\u00e1llhat\u00f3, hogy az \u00e1llam \u00f3ri\u00e1si ad\u00f3ss\u00e1ggal tervezi minden \u00e9ves k\u00f6lts\u00e9gvet\u00e9s\u00e9t \u00e9s k\u00f6zben az \u00f6nkorm\u00e1nyzatok gazd\u00e1lkod\u00e1s\u00e1t illeti kritik\u00e1val &#8211; tette hozz\u00e1 Szalay Ferenc. A kismama b\u00e9rlet ma m\u00e1r a kispap\u00e1kra is \u00e9rv\u00e9nyes, seg\u00edtik a hullad\u00e9ksz\u00e1ll\u00edt\u00e1si d\u00edjat nehezebben fizet\u0151ket \u00f6tsz\u00e1z helyett h\u00e9tsz\u00e1z\u00f6tven forinttal, az id\u0151sek ell\u00e1t\u00e1snak d\u00edj\u00e1t az el\u0151\u00edrt 98 ezer forintr\u00f3l 78 ezerre szor\u00edtotta le a v\u00e1ros &#8211; sorakoztak a t\u00e9nyek. A k\u00e9pvisel\u0151test\u00fclet tagjai k\u00f6rzetenk\u00e9nt ig\u00e9nyelhetnek abb\u00f3l a 41 milli\u00f3 forintb\u00f3l, amit a lak\u00f3k\u00f6rnyezet sz\u00e9p\u00edt\u00e9s\u00e9re ford\u00edthatnak, a t\u0171zolt\u00f3k 25 milli\u00f3s t\u00f6bblet t\u00e1mogat\u00e1s k\u00e9t aut\u00f3 v\u00e1s\u00e1rl\u00e1s\u00e1t teszi lehet\u0151v\u00e9. Nagy t\u00e9tel az utak, j\u00e1rd\u00e1k sz\u00fcks\u00e9ges f\u00f6l\u00faj\u00edt\u00e1sa: h\u00e1romsz\u00e1z milli\u00f3 forint. \u00d6nmag\u00e1ban azonban nem el\u00e9g, ehhez m\u00e9g p\u00e1ly\u00e1zati p\u00e9nz is sz\u00fcs\u00e9ges. K\u00e9rd\u00e9s: kedvez\u0151 lesz az elb\u00edr\u00e1l\u00e1s, hiszen p\u00e9ld\u00e1ul a v\u00e1rosrehabilit\u00e1ci\u00f3hoz k\u00e9rt k\u00e9tmilli\u00e1rdb\u00f3l k\u00e9tsz\u00e1z milli\u00f3val kevesebb lett. Noha h\u00e9t sz\u00e1zal\u00e9kkal n\u0151 majd a hullad\u00e9ksz\u00e1ll\u00edt\u00e1s d\u00edja, viszont hetente egyszer ez\u00e9rt m\u00e1r szelekt\u00edv hullad\u00e9kot is fuvaroz a szolg\u00e1ltat\u00f3, a sz\u00fcks\u00e9ges zs\u00e1kokat ingyen adja. \u00c9szszer\u0171s\u00edtik a szakk\u00e9pz\u00e9st, az ig\u00e9nyek kapnak els\u0151s\u00e9get, hogy ne az \u00e1ll\u00e1stalanok sz\u00e1ma szaporodj\u00e9k. Terv \u00e9s tennival\u00f3 b\u0151ven &#8211; fogalmazott Szalay Ferenc \u00e9s b\u00e1r el\u0151fordulnak hib\u00e1k, \u00e1m a neh\u00e9zs\u00e9geket a szocialista-szabaddemokrata korm\u00e1ny int\u00e9zked\u00e9sei id\u00e9zt\u00e9k el\u0151.  &#8220;\u00c9rdekes az<br \/>\nhogy sz\u00e1monk\u00e9ri a v\u00e1ros  szocialista frakci\u00f3ja<br \/>\nhogy hogyan m\u0171k\u00f6dik egy k\u00f6lts\u00e9gvet\u00e9s<\/p>\n","protected":false},"excerpt":{"rendered":"<p>Az idei k\u00f6lts\u00e9gvet\u00e9s az \u00f6r\u00f6k\u00f6lt neh\u00e9zs\u00e9gek f\u00f6lsz\u00e1mol\u00e1s\u00e1nak a k\u00f6lts\u00e9gvet\u00e9se lesz &#8211; fogalmazott Szalay Ferenc polg\u00e1rmester mai sajt\u00f3t\u00e1j\u00e9koztat\u00f3j\u00e1n. A hi\u00e1nyt egy\u00e9bk\u00e9nt egymilli\u00e1rd forinttal m\u00e1r siker\u00fclt cs\u00f6kkenteni, noha folyamatosan \u00e9rezhetik az \u00f6nkorm\u00e1nyzatok a korm\u00e1ny megszor\u00edt\u00f3 int\u00e9zked\u00e9seit &#8211; \u00edgy a polg\u00e1rmester. A m\u0171k\u00f6d\u00e9si k\u00f6lts\u00e9gek tov\u00e1bbi kurt\u00edt\u00e1sa m\u00e1r szinte lehetetlen helyzetbe hozhatja a falvakat, v\u00e1rosokat, \u00edgy Szolnokot is. Az [&hellip;]<\/p>\n","protected":false},"author":2,"featured_media":0,"comment_status":"open","ping_status":"open","sticky":false,"template":"","format":"standard","meta":[],"categories":[24],"tags":[],"_links":{"self":[{"href":"http:\/\/archiv.szolnoktv.hu\/index.php?rest_route=\/wp\/v2\/posts\/30450"}],"collection":[{"href":"http:\/\/archiv.szolnoktv.hu\/index.php?rest_route=\/wp\/v2\/posts"}],"about":[{"href":"http:\/\/archiv.szolnoktv.hu\/index.php?rest_route=\/wp\/v2\/types\/post"}],"author":[{"embeddable":true,"href":"http:\/\/archiv.szolnoktv.hu\/index.php?rest_route=\/wp\/v2\/users\/2"}],"replies":[{"embeddable":true,"href":"http:\/\/archiv.szolnoktv.hu\/index.php?rest_route=%2Fwp%2Fv2%2Fcomments&post=30450"}],"version-history":[{"count":1,"href":"http:\/\/archiv.szolnoktv.hu\/index.php?rest_route=\/wp\/v2\/posts\/30450\/revisions"}],"predecessor-version":[{"id":30597,"href":"http:\/\/archiv.szolnoktv.hu\/index.php?rest_route=\/wp\/v2\/posts\/30450\/revisions\/30597"}],"wp:attachment":[{"href":"http:\/\/archiv.szolnoktv.hu\/index.php?rest_route=%2Fwp%2Fv2%2Fmedia&parent=30450"}],"wp:term":[{"taxonomy":"category","embeddable":true,"href":"http:\/\/archiv.szolnoktv.hu\/index.php?rest_route=%2Fwp%2Fv2%2Fcategories&post=30450"},{"taxonomy":"post_tag","embeddable":true,"href":"http:\/\/archiv.szolnoktv.hu\/index.php?rest_route=%2Fwp%2Fv2%2Ftags&post=30450"}],"curies":[{"name":"wp","href":"https:\/\/api.w.org\/{rel}","templated":true}]}}