{"id":30449,"date":"2008-02-19T19:35:44","date_gmt":"2008-02-19T19:35:44","guid":{"rendered":"http:\/\/archiv.szolnoktv.hu\/?p=30449"},"modified":"2021-11-17T11:36:31","modified_gmt":"2021-11-17T11:36:31","slug":"kimondtak-a-vegszot","status":"publish","type":"post","link":"http:\/\/archiv.szolnoktv.hu\/?p=30449","title":{"rendered":"Kimondt\u00e1k a v\u00e9gsz\u00f3t"},"content":{"rendered":"<div class='booster-block booster-read-block'><\/div><p>A b\u00edr\u00f3s\u00e1g meghozta d\u00f6nt\u00e9s\u00e9t. Eszerint mind ifjabb Taczman Elek, mind P.Tam\u00e1s b\u0171n\u00f6s\u00f6k.<br \/>\nDr. Pongr\u00e1cz Zsolt b\u00edr\u00f3 a k\u00f6vetkez\u0151ket mondta az \u00edt\u00e9let kihirdet\u00e9sekor:&#8221;A megyei b\u00edr\u00f3s\u00e1g ifjabb Taczman Elek<br \/>\nels\u0151rend\u0171 v\u00e1dlottat 15 \u00e9v fegyh\u00e1zra<br \/>\n10 \u00e9vre a k\u00f6z\u00fcgyekt\u0151l eltilt\u00e1sra \u00edt\u00e9li. A kiszabott fegyh\u00e1zba a 2006. febru\u00e1r 15 napj\u00e1t\u00f3l a hat\u00e1rozat kihirdet\u00e9s\u00e9ig eltelt id\u0151t besz\u00e1m\u00edtja. Fiatalkor\u00fa Pinc\u00e9s Tam\u00e1s<\/p>\n","protected":false},"excerpt":{"rendered":"<p>A b\u00edr\u00f3s\u00e1g meghozta d\u00f6nt\u00e9s\u00e9t. Eszerint mind ifjabb Taczman Elek, mind P.Tam\u00e1s b\u0171n\u00f6s\u00f6k. Dr. Pongr\u00e1cz Zsolt b\u00edr\u00f3 a k\u00f6vetkez\u0151ket mondta az \u00edt\u00e9let kihirdet\u00e9sekor:&#8221;A megyei b\u00edr\u00f3s\u00e1g ifjabb Taczman Elek els\u0151rend\u0171 v\u00e1dlottat 15 \u00e9v fegyh\u00e1zra 10 \u00e9vre a k\u00f6z\u00fcgyekt\u0151l eltilt\u00e1sra \u00edt\u00e9li. A kiszabott fegyh\u00e1zba a 2006. febru\u00e1r 15 napj\u00e1t\u00f3l a hat\u00e1rozat kihirdet\u00e9s\u00e9ig eltelt id\u0151t besz\u00e1m\u00edtja. Fiatalkor\u00fa Pinc\u00e9s Tam\u00e1s<\/p>\n","protected":false},"author":2,"featured_media":0,"comment_status":"open","ping_status":"open","sticky":false,"template":"","format":"standard","meta":[],"categories":[24],"tags":[],"_links":{"self":[{"href":"http:\/\/archiv.szolnoktv.hu\/index.php?rest_route=\/wp\/v2\/posts\/30449"}],"collection":[{"href":"http:\/\/archiv.szolnoktv.hu\/index.php?rest_route=\/wp\/v2\/posts"}],"about":[{"href":"http:\/\/archiv.szolnoktv.hu\/index.php?rest_route=\/wp\/v2\/types\/post"}],"author":[{"embeddable":true,"href":"http:\/\/archiv.szolnoktv.hu\/index.php?rest_route=\/wp\/v2\/users\/2"}],"replies":[{"embeddable":true,"href":"http:\/\/archiv.szolnoktv.hu\/index.php?rest_route=%2Fwp%2Fv2%2Fcomments&post=30449"}],"version-history":[{"count":1,"href":"http:\/\/archiv.szolnoktv.hu\/index.php?rest_route=\/wp\/v2\/posts\/30449\/revisions"}],"predecessor-version":[{"id":30598,"href":"http:\/\/archiv.szolnoktv.hu\/index.php?rest_route=\/wp\/v2\/posts\/30449\/revisions\/30598"}],"wp:attachment":[{"href":"http:\/\/archiv.szolnoktv.hu\/index.php?rest_route=%2Fwp%2Fv2%2Fmedia&parent=30449"}],"wp:term":[{"taxonomy":"category","embeddable":true,"href":"http:\/\/archiv.szolnoktv.hu\/index.php?rest_route=%2Fwp%2Fv2%2Fcategories&post=30449"},{"taxonomy":"post_tag","embeddable":true,"href":"http:\/\/archiv.szolnoktv.hu\/index.php?rest_route=%2Fwp%2Fv2%2Ftags&post=30449"}],"curies":[{"name":"wp","href":"https:\/\/api.w.org\/{rel}","templated":true}]}}