{"id":30448,"date":"2008-02-19T19:29:25","date_gmt":"2008-02-19T19:29:25","guid":{"rendered":"http:\/\/archiv.szolnoktv.hu\/?p=30448"},"modified":"2021-11-17T11:36:31","modified_gmt":"2021-11-17T11:36:31","slug":"atlagosan-7-5-szazalek","status":"publish","type":"post","link":"http:\/\/archiv.szolnoktv.hu\/?p=30448","title":{"rendered":"\u00c1tlagosan 7.5 sz\u00e1zal\u00e9k"},"content":{"rendered":"<div class='booster-block booster-read-block'><\/div><p>Ennyivel emelkednek a hullad\u00e9ksz\u00e1ll\u00edt\u00e1si d\u00edjak m\u00e1rcius 1-j\u00e9t\u0151l, ha cs\u00fct\u00f6rt\u00f6ki \u00fcl\u00e9s\u00e9n j\u00f3v\u00e1hagyja a k\u00f6zgy\u0171l\u00e9s az el\u0151terjeszt\u00e9st. Ugyanakkor \u00faj szolg\u00e1ltat\u00e1st is bevezet a Remondis: h\u00e1zhoz megy a szelekt\u00edv \u00e9s a z\u00f6ld hullad\u00e9kgy\u0171jt\u00e9s.<br \/>\nLegut\u00f3bb tavaly febru\u00e1rban d\u00f6nt\u00f6tt a k\u00f6zgy\u0171l\u00e9s a hullad\u00e9ksz\u00e1ll\u00edt\u00e1si d\u00edjak emel\u00e9s\u00e9r\u0151l. Akkor a megsz\u0171n\u0151 \u00f6nkorm\u00e1nyzati t\u00e1mogat\u00e1s miatt az 1100 literes gy\u0171jt\u0151ed\u00e9nyek kiv\u00e9tel\u00e9vel mintegy a dupl\u00e1j\u00e1ra n\u0151tt a lakoss\u00e1g \u00e1ltal fizetend\u0151 \u00f6sszeg. A mostani tervezett n\u00f6veked\u00e9s messze alatta marad az egy \u00e9vvel kor\u00e1bbin\u00e1l, az infl\u00e1ci\u00f3 m\u00e9rt\u00e9k\u00e9vel, \u00e1tlagosan 7,5 sz\u00e1zal\u00e9kkal emelkednek a d\u00edjak, ha a k\u00e9pvisel\u0151k j\u00f3v\u00e1 hagyj\u00e1k az el\u0151terjeszt\u00e9st. Ez azt jelenten\u00e9, hogy a 80 literes kuk\u00e1k eset\u00e9ben 574 forintot kell fizetni m\u00e1rcius 1-j\u00e9t\u0151l, a 120 literes ed\u00e9nyekn\u00e9l 590, a 240 literesekn\u00e9l 779, m\u00edg az 1100 literes kont\u00e9nerek eset\u00e9ben 3732 forintba ker\u00fcl majd egy \u00fcr\u00edt\u00e9s. A Remondis egy \u00faj szolg\u00e1ltat\u00e1st is bevezetne m\u00e1rcius 1-j\u00e9t\u0151l. A szolg\u00e1ltat\u00f3 elk\u00e9pzel\u00e9sei szerint a h\u00e1ztart\u00e1sokban a szelekt\u00edv \u00e9s a z\u00f6ld hullad\u00e9k gy\u0171jt\u00e9se a t\u00e1rsas\u00e1g \u00e1ltal biztos\u00edtott s\u00e1rga, illetve z\u00f6ld embl\u00e9m\u00e1s zs\u00e1kokba t\u00f6rt\u00e9nne. A szelekt\u00edv gy\u0171jt\u00e9st eg\u00e9sz \u00e9vben, havonta egy alkalommal, m\u00edg a z\u00f6ld hullad\u00e9k elsz\u00e1ll\u00edt\u00e1s\u00e1t m\u00e1rciust\u00f3l okt\u00f3berig havonta k\u00e9t alkalommal, k\u00fcl\u00f6n j\u00e1rattal oldan\u00e1k meg.<\/p>\n","protected":false},"excerpt":{"rendered":"<p>Ennyivel emelkednek a hullad\u00e9ksz\u00e1ll\u00edt\u00e1si d\u00edjak m\u00e1rcius 1-j\u00e9t\u0151l, ha cs\u00fct\u00f6rt\u00f6ki \u00fcl\u00e9s\u00e9n j\u00f3v\u00e1hagyja a k\u00f6zgy\u0171l\u00e9s az el\u0151terjeszt\u00e9st. Ugyanakkor \u00faj szolg\u00e1ltat\u00e1st is bevezet a Remondis: h\u00e1zhoz megy a szelekt\u00edv \u00e9s a z\u00f6ld hullad\u00e9kgy\u0171jt\u00e9s. Legut\u00f3bb tavaly febru\u00e1rban d\u00f6nt\u00f6tt a k\u00f6zgy\u0171l\u00e9s a hullad\u00e9ksz\u00e1ll\u00edt\u00e1si d\u00edjak emel\u00e9s\u00e9r\u0151l. Akkor a megsz\u0171n\u0151 \u00f6nkorm\u00e1nyzati t\u00e1mogat\u00e1s miatt az 1100 literes gy\u0171jt\u0151ed\u00e9nyek kiv\u00e9tel\u00e9vel mintegy a dupl\u00e1j\u00e1ra n\u0151tt [&hellip;]<\/p>\n","protected":false},"author":2,"featured_media":0,"comment_status":"open","ping_status":"open","sticky":false,"template":"","format":"standard","meta":[],"categories":[24],"tags":[],"_links":{"self":[{"href":"http:\/\/archiv.szolnoktv.hu\/index.php?rest_route=\/wp\/v2\/posts\/30448"}],"collection":[{"href":"http:\/\/archiv.szolnoktv.hu\/index.php?rest_route=\/wp\/v2\/posts"}],"about":[{"href":"http:\/\/archiv.szolnoktv.hu\/index.php?rest_route=\/wp\/v2\/types\/post"}],"author":[{"embeddable":true,"href":"http:\/\/archiv.szolnoktv.hu\/index.php?rest_route=\/wp\/v2\/users\/2"}],"replies":[{"embeddable":true,"href":"http:\/\/archiv.szolnoktv.hu\/index.php?rest_route=%2Fwp%2Fv2%2Fcomments&post=30448"}],"version-history":[{"count":1,"href":"http:\/\/archiv.szolnoktv.hu\/index.php?rest_route=\/wp\/v2\/posts\/30448\/revisions"}],"predecessor-version":[{"id":30599,"href":"http:\/\/archiv.szolnoktv.hu\/index.php?rest_route=\/wp\/v2\/posts\/30448\/revisions\/30599"}],"wp:attachment":[{"href":"http:\/\/archiv.szolnoktv.hu\/index.php?rest_route=%2Fwp%2Fv2%2Fmedia&parent=30448"}],"wp:term":[{"taxonomy":"category","embeddable":true,"href":"http:\/\/archiv.szolnoktv.hu\/index.php?rest_route=%2Fwp%2Fv2%2Fcategories&post=30448"},{"taxonomy":"post_tag","embeddable":true,"href":"http:\/\/archiv.szolnoktv.hu\/index.php?rest_route=%2Fwp%2Fv2%2Ftags&post=30448"}],"curies":[{"name":"wp","href":"https:\/\/api.w.org\/{rel}","templated":true}]}}