{"id":30445,"date":"2008-02-18T23:08:39","date_gmt":"2008-02-18T23:08:39","guid":{"rendered":"http:\/\/archiv.szolnoktv.hu\/?p=30445"},"modified":"2021-11-17T11:36:31","modified_gmt":"2021-11-17T11:36:31","slug":"nem-tamogatjak-a-koltsegvetest","status":"publish","type":"post","link":"http:\/\/archiv.szolnoktv.hu\/?p=30445","title":{"rendered":"Nem t\u00e1mogatj\u00e1k a k\u00f6lts\u00e9gvet\u00e9st"},"content":{"rendered":"<div class='booster-block booster-read-block'><\/div><p>N\u00f6vekszik a v\u00e1ros ad\u00f3ss\u00e1g\u00e1llom\u00e1nya. Az MSZP szolnoki frakci\u00f3ja nem t\u00e1mogatja az \u00f6nkorm\u00e1nyzat 2008-as k\u00f6lts\u00e9gvet\u00e9s\u00e9t, mondta Rad\u00f3cz Zolt\u00e1n. A szocialista k\u00e9pvisel\u0151 elmondta, a 3.3 milli\u00e1rd forint hi\u00e1ny mellett, 20.1 milli\u00e1rd forintos tartoz\u00e1ssal is sz\u00e1molni kell.<br \/>\nA 2007-es k\u00f6tv\u00e9nykibocs\u00e1t\u00e1s jelent\u0151sen elad\u00f3s\u00edtja a v\u00e1rost, mondta Rad\u00f3cz Zolt\u00e1n, szocialista politikus. Azt is hozz\u00e1 tette, hogy m\u00edg tavaly \u00e9v elej\u00e9n a v\u00e1ros tartoz\u00e1sa 6.3 milli\u00e1rd forint volt, addig ma ez a sz\u00e1m megsokszoroz\u00f3dott \u00e9s el\u00e9rte a 20.1 milli\u00e1rd forintot. Az MSZP k\u00e9pvisel\u0151j\u00e9nek elmond\u00e1sa szerint az ad\u00f3ss\u00e1g mag\u00e1ban foglalja a megyesz\u00e9khely hiteleit, a k\u00f6tv\u00e9nyeket, azok kamatait, valamint az ezekkel j\u00e1r\u00f3 k\u00f6telezetts\u00e9geket. A tetemes tartoz\u00e1s nagy r\u00e9sz\u00e9t 2010 ut\u00e1n kell majd visszafizetni, \u00edgy f\u00e9l\u0151, mondta a k\u00e9pvisel\u0151, hogy k\u00e9t \u00e9s f\u00e9l, h\u00e1rom \u00e9v m\u00falva a v\u00e1rosban nem lesznek fejleszt\u00e9sek, mert nem lesz hozz\u00e1 elegend\u0151 anyagi h\u00e1tt\u00e9r. Nehezm\u00e9nyezik tov\u00e1bb\u00e1, hogy a n\u00e9pszavaz\u00e1s helyi lebonyol\u00edt\u00e1s\u00e1ra 13 milli\u00f3 forintot k\u00f6lt a v\u00e1ros, valamint azt is, hogy a sport \u00e9s a k\u00f6zm\u0171vel\u0151d\u00e9s t\u00e1mogat\u00e1sa alaposan megn\u0151tt. Sz\u00fcks\u00e9ges \u00e9s elfogadhat\u00f3 kiad\u00e1snak tartj\u00e1k viszont az Ipari Park 600 milli\u00f3s fejleszt\u00e9s\u00e9t, mely k\u00e9s\u0151bb bev\u00e9teleket hozhat. A k\u00f6zgy\u0171l\u00e9sben helyet foglal\u00f3 MSZP-s k\u00e9pvisel\u0151k nem t\u00e1mogatj\u00e1k az \u00f6nkorm\u00e1nyzat 2008-as k\u00f6lts\u00e9gvet\u00e9s\u00e9t.<\/p>\n","protected":false},"excerpt":{"rendered":"<p>N\u00f6vekszik a v\u00e1ros ad\u00f3ss\u00e1g\u00e1llom\u00e1nya. Az MSZP szolnoki frakci\u00f3ja nem t\u00e1mogatja az \u00f6nkorm\u00e1nyzat 2008-as k\u00f6lts\u00e9gvet\u00e9s\u00e9t, mondta Rad\u00f3cz Zolt\u00e1n. A szocialista k\u00e9pvisel\u0151 elmondta, a 3.3 milli\u00e1rd forint hi\u00e1ny mellett, 20.1 milli\u00e1rd forintos tartoz\u00e1ssal is sz\u00e1molni kell. A 2007-es k\u00f6tv\u00e9nykibocs\u00e1t\u00e1s jelent\u0151sen elad\u00f3s\u00edtja a v\u00e1rost, mondta Rad\u00f3cz Zolt\u00e1n, szocialista politikus. Azt is hozz\u00e1 tette, hogy m\u00edg tavaly \u00e9v elej\u00e9n [&hellip;]<\/p>\n","protected":false},"author":2,"featured_media":0,"comment_status":"open","ping_status":"open","sticky":false,"template":"","format":"standard","meta":[],"categories":[24],"tags":[],"_links":{"self":[{"href":"http:\/\/archiv.szolnoktv.hu\/index.php?rest_route=\/wp\/v2\/posts\/30445"}],"collection":[{"href":"http:\/\/archiv.szolnoktv.hu\/index.php?rest_route=\/wp\/v2\/posts"}],"about":[{"href":"http:\/\/archiv.szolnoktv.hu\/index.php?rest_route=\/wp\/v2\/types\/post"}],"author":[{"embeddable":true,"href":"http:\/\/archiv.szolnoktv.hu\/index.php?rest_route=\/wp\/v2\/users\/2"}],"replies":[{"embeddable":true,"href":"http:\/\/archiv.szolnoktv.hu\/index.php?rest_route=%2Fwp%2Fv2%2Fcomments&post=30445"}],"version-history":[{"count":1,"href":"http:\/\/archiv.szolnoktv.hu\/index.php?rest_route=\/wp\/v2\/posts\/30445\/revisions"}],"predecessor-version":[{"id":30602,"href":"http:\/\/archiv.szolnoktv.hu\/index.php?rest_route=\/wp\/v2\/posts\/30445\/revisions\/30602"}],"wp:attachment":[{"href":"http:\/\/archiv.szolnoktv.hu\/index.php?rest_route=%2Fwp%2Fv2%2Fmedia&parent=30445"}],"wp:term":[{"taxonomy":"category","embeddable":true,"href":"http:\/\/archiv.szolnoktv.hu\/index.php?rest_route=%2Fwp%2Fv2%2Fcategories&post=30445"},{"taxonomy":"post_tag","embeddable":true,"href":"http:\/\/archiv.szolnoktv.hu\/index.php?rest_route=%2Fwp%2Fv2%2Ftags&post=30445"}],"curies":[{"name":"wp","href":"https:\/\/api.w.org\/{rel}","templated":true}]}}