{"id":30444,"date":"2008-02-18T23:07:21","date_gmt":"2008-02-18T23:07:21","guid":{"rendered":"http:\/\/archiv.szolnoktv.hu\/?p=30444"},"modified":"2021-11-17T11:36:32","modified_gmt":"2021-11-17T11:36:32","slug":"csokkeno-letszam-novekvo-feladatok","status":"publish","type":"post","link":"http:\/\/archiv.szolnoktv.hu\/?p=30444","title":{"rendered":"Cs\u00f6kken\u0151 l\u00e9tsz\u00e1m, n\u00f6vekv\u0151 feladatok"},"content":{"rendered":"<div class='booster-block booster-read-block'><\/div><p>Megtartotta \u00e9v\u00e9rt\u00e9kel\u0151 \u00e9rtekezlet\u00e9t a J\u00e1sz-Nagykun-Szolnok Megyei BV int\u00e9zet parancsnoka. Mint mondta: a sz\u0171k\u00f6s gazdas\u00e1gi helyzet, a l\u00e9tsz\u00e1mhi\u00e1ny \u00e9s a t\u00falzs\u00fafolts\u00e1g ellen\u00e9re 2007-ben is siker\u00fclt maxim\u00e1lisan megfelelni az elv\u00e1r\u00e1soknak.<br \/>\nA sz\u0171k\u00f6s gazdas\u00e1gi helyzet ellen\u00e9re j\u00f3l gazd\u00e1lkodtunk a 2007-es esztend\u0151ben -kezdte \u00e9v\u00e9rt\u00e9kel\u0151 besz\u00e9d\u00e9t HAFENSCHER CSABA ZOLT\u00c1N, a megyei BV Int\u00e9zet parancsnoka.  Tavaly 3-szor kaptak t\u00e1mogat\u00e1st k\u00f6lts\u00e9gvet\u00e9si hi\u00e1nyuk p\u00f3tl\u00e1s\u00e1ra, \u00edgy siker\u00fclt megtakar\u00edt\u00e1ssal z\u00e1rni az \u00e9vet. Munk\u00e1jukat azonban nehez\u00edtette, hogy 6 munkat\u00e1rsal cs\u00f6kkent az egy\u00e9bk\u00e9nt is munkare\u0151hi\u00e1nyal k\u00fcszk\u00f6d\u0151 \u00e1llom\u00e1ny. Az \u00e9vek \u00f3ta bet\u00f6ltetlen \u00e1ll\u00e1shelyekre jelentkez\u0151k egyharmada a b\u00e9rez\u00e9s miatt nem v\u00e1llalja a munk\u00e1t, egyharmaduk eg\u00e9szs\u00e9gileg nem felel meg, m\u00edg m\u00e1sok a betanul\u00e1si id\u0151 ut\u00e1n hagyj\u00e1k el az int\u00e9zetet. T\u00falzs\u00fafolts\u00e1g jellemzi a megyei b\u00fcntet\u00e9sv\u00e9grehajt\u00e1st -folytatta a parancsnok. A BV befogad\u00f3 k\u00e9pess\u00e9ge 140 fogvatartott, ennek ellen\u00e9re 2006-ban \u00e1tlagosan 208, m\u00edg 2007-ben -szint\u00e9n \u00e1tlagban- 212 embert \u0151riztek naponta. A folyamatos gondok ellen\u00e9re 2007-ben is siker\u00fclt megfelelni az elv\u00e1r\u00e1soknak \u00e9s a t\u00e1rszervezetekkel orsz\u00e1gos szinten is kimagasl\u00f3 a helyi B\u00fcntet\u00e9sv\u00e9grehajt\u00f3 Int\u00e9zet kapcsolata. Id\u00e9n legfontosabb feladat az \u00e9vek \u00f3ta \u00fcresen \u00e1ll\u00f3 munkahelyek bet\u00f6lt\u00e9se, a szak\u00e1llom\u00e1ny n\u00f6vel\u00e9s \u00e9s a gazdas\u00e1gi egyens\u00faly meg\u0151rz\u00e9se lesz -mondta \u00e9v\u00e9rt\u00e9kel\u0151 \u00e1llom\u00e1nygy\u0171l\u00e9s\u00e9n a megyei BV int\u00e9zet parancsnoka.<\/p>\n","protected":false},"excerpt":{"rendered":"<p>Megtartotta \u00e9v\u00e9rt\u00e9kel\u0151 \u00e9rtekezlet\u00e9t a J\u00e1sz-Nagykun-Szolnok Megyei BV int\u00e9zet parancsnoka. Mint mondta: a sz\u0171k\u00f6s gazdas\u00e1gi helyzet, a l\u00e9tsz\u00e1mhi\u00e1ny \u00e9s a t\u00falzs\u00fafolts\u00e1g ellen\u00e9re 2007-ben is siker\u00fclt maxim\u00e1lisan megfelelni az elv\u00e1r\u00e1soknak. A sz\u0171k\u00f6s gazdas\u00e1gi helyzet ellen\u00e9re j\u00f3l gazd\u00e1lkodtunk a 2007-es esztend\u0151ben -kezdte \u00e9v\u00e9rt\u00e9kel\u0151 besz\u00e9d\u00e9t HAFENSCHER CSABA ZOLT\u00c1N, a megyei BV Int\u00e9zet parancsnoka. Tavaly 3-szor kaptak t\u00e1mogat\u00e1st k\u00f6lts\u00e9gvet\u00e9si hi\u00e1nyuk [&hellip;]<\/p>\n","protected":false},"author":2,"featured_media":0,"comment_status":"open","ping_status":"open","sticky":false,"template":"","format":"standard","meta":[],"categories":[24],"tags":[],"_links":{"self":[{"href":"http:\/\/archiv.szolnoktv.hu\/index.php?rest_route=\/wp\/v2\/posts\/30444"}],"collection":[{"href":"http:\/\/archiv.szolnoktv.hu\/index.php?rest_route=\/wp\/v2\/posts"}],"about":[{"href":"http:\/\/archiv.szolnoktv.hu\/index.php?rest_route=\/wp\/v2\/types\/post"}],"author":[{"embeddable":true,"href":"http:\/\/archiv.szolnoktv.hu\/index.php?rest_route=\/wp\/v2\/users\/2"}],"replies":[{"embeddable":true,"href":"http:\/\/archiv.szolnoktv.hu\/index.php?rest_route=%2Fwp%2Fv2%2Fcomments&post=30444"}],"version-history":[{"count":1,"href":"http:\/\/archiv.szolnoktv.hu\/index.php?rest_route=\/wp\/v2\/posts\/30444\/revisions"}],"predecessor-version":[{"id":30603,"href":"http:\/\/archiv.szolnoktv.hu\/index.php?rest_route=\/wp\/v2\/posts\/30444\/revisions\/30603"}],"wp:attachment":[{"href":"http:\/\/archiv.szolnoktv.hu\/index.php?rest_route=%2Fwp%2Fv2%2Fmedia&parent=30444"}],"wp:term":[{"taxonomy":"category","embeddable":true,"href":"http:\/\/archiv.szolnoktv.hu\/index.php?rest_route=%2Fwp%2Fv2%2Fcategories&post=30444"},{"taxonomy":"post_tag","embeddable":true,"href":"http:\/\/archiv.szolnoktv.hu\/index.php?rest_route=%2Fwp%2Fv2%2Ftags&post=30444"}],"curies":[{"name":"wp","href":"https:\/\/api.w.org\/{rel}","templated":true}]}}