{"id":30443,"date":"2008-02-18T23:05:55","date_gmt":"2008-02-18T23:05:55","guid":{"rendered":"http:\/\/archiv.szolnoktv.hu\/?p=30443"},"modified":"2021-11-17T11:36:32","modified_gmt":"2021-11-17T11:36:32","slug":"szazmillios-beruhazasok","status":"publish","type":"post","link":"http:\/\/archiv.szolnoktv.hu\/?p=30443","title":{"rendered":"Sz\u00e1zmilli\u00f3s beruh\u00e1z\u00e1sok"},"content":{"rendered":"<div class='booster-block booster-read-block'><\/div><p>Az \u00f6nkorm\u00e1nyzat id\u00e9n 300 milli\u00f3 forintot k\u00f6lthet az utak, j\u00e1rd\u00e1k fel\u00faj\u00edt\u00e1s\u00e1ra, de ehhez m\u00e9g szeretn\u00e9nek p\u00e1ly\u00e1zati p\u00e9nzeket is mozg\u00f3s\u00edtani, mondta a v\u00e1rosfejleszt\u00e9si bizotts\u00e1g eln\u00f6ke. Dr. Boz\u00f3 Andrea azt is kiemelte, a tervek szerint a k\u00f6vetkez\u0151 n\u00e9gy \u00e9vben Szolnokon t\u00f6bb mint sz\u00e1z utat, utc\u00e1t \u00faj\u00edtanak fel.<br \/>\n2007-ben a sz\u0171k\u00f6s k\u00f6lts\u00e9gvet\u00e9sre val\u00f3 tekintettel az \u00fatfejleszt\u00e9si programot le kellett \u00e1ll\u00edtani, mondta a v\u00e1rosfejleszt\u00e9si bizotts\u00e1g eln\u00f6ke. Ezt most \u00fajra ind\u00edtj\u00e1k plusz fejleszt\u00e9sekkel kieg\u00e9sz\u00edtve. Szolnokon t\u00f6bb mint 100 utca v\u00e1r arra, hogy \u00faj burkolatot kapjon. Az \u00e9rintett utakon teljesk\u00f6r\u0171 felm\u00e9r\u00e9st v\u00e9geztek, mely alapj\u00e1n a k\u00f6zgy\u0171l\u00e9s cs\u00fct\u00f6rt\u00f6ki \u00fcl\u00e9s\u00e9n eld\u00f6ntik, id\u00e9n mely szakaszokat, vagy teljes utakat \u00faj\u00edtass\u00e1k fel. A v\u00e1rost h\u00e1rom f\u0151 r\u00e9szre osztott\u00e1k. \u00cdgy k\u00fcl\u00f6n m\u00e9rlegelik a belv\u00e1rost, Szandasz\u0151l\u0151st, valamint a Sz\u00e9chenyi lak\u00f3telepet. A k\u00f6vetkez\u0151 n\u00e9gy \u00e9vben az utak, valamint a j\u00e1rd\u00e1k fejleszt\u00e9s\u00e9re, fel\u00faj\u00edt\u00e1s\u00e1ra t\u00f6bb milli\u00e1rd forintot k\u00f6lthet Szolnok, mondta Dr. Boz\u00f3 Andrea, a bizotts\u00e1g eln\u00f6ke. Ebb\u0151l az \u00f6sszegb\u0151l id\u00e9n 300 milli\u00f3 forintot fektetnek be, de ezt az \u00f6sszeget tov\u00e1bbi p\u00e1ly\u00e1zati forr\u00e1sokkal szeretn\u00e9k kieg\u00e9sz\u00edteni.<\/p>\n","protected":false},"excerpt":{"rendered":"<p>Az \u00f6nkorm\u00e1nyzat id\u00e9n 300 milli\u00f3 forintot k\u00f6lthet az utak, j\u00e1rd\u00e1k fel\u00faj\u00edt\u00e1s\u00e1ra, de ehhez m\u00e9g szeretn\u00e9nek p\u00e1ly\u00e1zati p\u00e9nzeket is mozg\u00f3s\u00edtani, mondta a v\u00e1rosfejleszt\u00e9si bizotts\u00e1g eln\u00f6ke. Dr. Boz\u00f3 Andrea azt is kiemelte, a tervek szerint a k\u00f6vetkez\u0151 n\u00e9gy \u00e9vben Szolnokon t\u00f6bb mint sz\u00e1z utat, utc\u00e1t \u00faj\u00edtanak fel. 2007-ben a sz\u0171k\u00f6s k\u00f6lts\u00e9gvet\u00e9sre val\u00f3 tekintettel az \u00fatfejleszt\u00e9si programot le [&hellip;]<\/p>\n","protected":false},"author":2,"featured_media":0,"comment_status":"open","ping_status":"open","sticky":false,"template":"","format":"standard","meta":[],"categories":[24],"tags":[],"_links":{"self":[{"href":"http:\/\/archiv.szolnoktv.hu\/index.php?rest_route=\/wp\/v2\/posts\/30443"}],"collection":[{"href":"http:\/\/archiv.szolnoktv.hu\/index.php?rest_route=\/wp\/v2\/posts"}],"about":[{"href":"http:\/\/archiv.szolnoktv.hu\/index.php?rest_route=\/wp\/v2\/types\/post"}],"author":[{"embeddable":true,"href":"http:\/\/archiv.szolnoktv.hu\/index.php?rest_route=\/wp\/v2\/users\/2"}],"replies":[{"embeddable":true,"href":"http:\/\/archiv.szolnoktv.hu\/index.php?rest_route=%2Fwp%2Fv2%2Fcomments&post=30443"}],"version-history":[{"count":1,"href":"http:\/\/archiv.szolnoktv.hu\/index.php?rest_route=\/wp\/v2\/posts\/30443\/revisions"}],"predecessor-version":[{"id":30604,"href":"http:\/\/archiv.szolnoktv.hu\/index.php?rest_route=\/wp\/v2\/posts\/30443\/revisions\/30604"}],"wp:attachment":[{"href":"http:\/\/archiv.szolnoktv.hu\/index.php?rest_route=%2Fwp%2Fv2%2Fmedia&parent=30443"}],"wp:term":[{"taxonomy":"category","embeddable":true,"href":"http:\/\/archiv.szolnoktv.hu\/index.php?rest_route=%2Fwp%2Fv2%2Fcategories&post=30443"},{"taxonomy":"post_tag","embeddable":true,"href":"http:\/\/archiv.szolnoktv.hu\/index.php?rest_route=%2Fwp%2Fv2%2Ftags&post=30443"}],"curies":[{"name":"wp","href":"https:\/\/api.w.org\/{rel}","templated":true}]}}