{"id":30442,"date":"2008-02-18T23:04:33","date_gmt":"2008-02-18T23:04:33","guid":{"rendered":"http:\/\/archiv.szolnoktv.hu\/?p=30442"},"modified":"2021-11-17T11:36:32","modified_gmt":"2021-11-17T11:36:32","slug":"tul-a-bizalmi-valsagon","status":"publish","type":"post","link":"http:\/\/archiv.szolnoktv.hu\/?p=30442","title":{"rendered":"T\u00fal a bizalmi v\u00e1ls\u00e1gon"},"content":{"rendered":"<div class='booster-block booster-read-block'><\/div><p>A rend\u0151rs\u00e9g meg\u00edt\u00e9l\u00e9s\u00e9re r\u00e1nyomt\u00e1k b\u00e9lyeg\u00fcket a 2006-os \u0151szi esem\u00e9nyek, \u00e1m 2007-ben m\u00e1r felk\u00e9sz\u00fclts\u00e9g\u00e9ben, retorik\u00e1j\u00e1ban \u00e9s filoz\u00f3fi\u00e1j\u00e1ban is megv\u00e1ltozott rend\u0151rs\u00e9g v\u00e1rta az \u00fcnneps\u00e9geket -mondta \u00e9v\u00e9rt\u00e9kel\u0151 \u00e1llom\u00e1nygy\u0171l\u00e9s\u00e9n Dr. Bencze J\u00f3zsef rend\u0151r alt\u00e1bornagy. Az orsz\u00e1gos rend\u0151rf\u0151kapit\u00e1ny \u00fagy v\u00e9lte: kit\u0171n\u0151 munk\u00e1t v\u00e9geztek 2007-ben is megy\u00e9nk rend\u0151rei.<br \/>\nMindenki tette a dolg\u00e1t 2007-ben is -kezdte \u00e9v\u00e9rt\u00e9kel\u0151 besz\u00e9d\u00e9t Dr. Bencze J\u00f3zsef orsz\u00e1gos rend\u0151rf\u0151kapit\u00e1ny. V\u00e9lem\u00e9nye szerint -els\u0151sorban a 2006-os \u0151szi esem\u00e9nyek miatt- bizalmi v\u00e1ls\u00e1gon ment kereszt\u00fcl a magyar rend\u0151rs\u00e9g. Elh\u00faz\u00f3dott az integr\u00e1ci\u00f3 a hat\u00e1r\u0151rs\u00e9ggel, k\u00e9s\u0151n sz\u00fcletett megold\u00e1s a nyugd\u00edjaz\u00e1s k\u00e9rd\u00e9s\u00e9re &#8211; ennek ellen\u00e9re siker\u00fclt minden v\u00e1llalt feladatot v\u00e9grehajtania az \u00e1llom\u00e1nynak. B\u00e1r 2007-ben retorik\u00e1j\u00e1ban, filoz\u00f3fi\u00e1j\u00e1ban \u00e9s felk\u00e9sz\u00fclts\u00e9g\u00e9ben is m\u00e1sfajta rend\u0151rs\u00e9g v\u00e1rta a hazai esem\u00e9nyeket -az alt\u00e1bornagy a demonstr\u00e1ci\u00f3kra utalva hangs\u00falyozta- k\u00f6teless\u00e9g\u00fck volt fell\u00e9pni a jogs\u00e9rt\u0151kkel szemben. A szakember v\u00e9lem\u00e9nye szerint a politikai harcoknak meg kell k\u00edm\u00e9lnie a rend\u0151rs\u00e9get. J\u00e1sz-Nagykun-Szolnok megye a b\u0171nesetek tekintet\u00e9ben k\u00f6zepesen fert\u0151z\u00f6tt megy\u00e9nek sz\u00e1m\u00edt -mondta a f\u0151kapit\u00e1ny. A b\u0171n\u00fcgyi helyzet 2007-ben, az el\u0151z\u0151 esztend\u0151h\u00f6z k\u00e9pest nem v\u00e1ltozott.<\/p>\n","protected":false},"excerpt":{"rendered":"<p>A rend\u0151rs\u00e9g meg\u00edt\u00e9l\u00e9s\u00e9re r\u00e1nyomt\u00e1k b\u00e9lyeg\u00fcket a 2006-os \u0151szi esem\u00e9nyek, \u00e1m 2007-ben m\u00e1r felk\u00e9sz\u00fclts\u00e9g\u00e9ben, retorik\u00e1j\u00e1ban \u00e9s filoz\u00f3fi\u00e1j\u00e1ban is megv\u00e1ltozott rend\u0151rs\u00e9g v\u00e1rta az \u00fcnneps\u00e9geket -mondta \u00e9v\u00e9rt\u00e9kel\u0151 \u00e1llom\u00e1nygy\u0171l\u00e9s\u00e9n Dr. Bencze J\u00f3zsef rend\u0151r alt\u00e1bornagy. Az orsz\u00e1gos rend\u0151rf\u0151kapit\u00e1ny \u00fagy v\u00e9lte: kit\u0171n\u0151 munk\u00e1t v\u00e9geztek 2007-ben is megy\u00e9nk rend\u0151rei. Mindenki tette a dolg\u00e1t 2007-ben is -kezdte \u00e9v\u00e9rt\u00e9kel\u0151 besz\u00e9d\u00e9t Dr. Bencze J\u00f3zsef orsz\u00e1gos [&hellip;]<\/p>\n","protected":false},"author":2,"featured_media":0,"comment_status":"open","ping_status":"open","sticky":false,"template":"","format":"standard","meta":[],"categories":[24],"tags":[],"_links":{"self":[{"href":"http:\/\/archiv.szolnoktv.hu\/index.php?rest_route=\/wp\/v2\/posts\/30442"}],"collection":[{"href":"http:\/\/archiv.szolnoktv.hu\/index.php?rest_route=\/wp\/v2\/posts"}],"about":[{"href":"http:\/\/archiv.szolnoktv.hu\/index.php?rest_route=\/wp\/v2\/types\/post"}],"author":[{"embeddable":true,"href":"http:\/\/archiv.szolnoktv.hu\/index.php?rest_route=\/wp\/v2\/users\/2"}],"replies":[{"embeddable":true,"href":"http:\/\/archiv.szolnoktv.hu\/index.php?rest_route=%2Fwp%2Fv2%2Fcomments&post=30442"}],"version-history":[{"count":1,"href":"http:\/\/archiv.szolnoktv.hu\/index.php?rest_route=\/wp\/v2\/posts\/30442\/revisions"}],"predecessor-version":[{"id":30605,"href":"http:\/\/archiv.szolnoktv.hu\/index.php?rest_route=\/wp\/v2\/posts\/30442\/revisions\/30605"}],"wp:attachment":[{"href":"http:\/\/archiv.szolnoktv.hu\/index.php?rest_route=%2Fwp%2Fv2%2Fmedia&parent=30442"}],"wp:term":[{"taxonomy":"category","embeddable":true,"href":"http:\/\/archiv.szolnoktv.hu\/index.php?rest_route=%2Fwp%2Fv2%2Fcategories&post=30442"},{"taxonomy":"post_tag","embeddable":true,"href":"http:\/\/archiv.szolnoktv.hu\/index.php?rest_route=%2Fwp%2Fv2%2Ftags&post=30442"}],"curies":[{"name":"wp","href":"https:\/\/api.w.org\/{rel}","templated":true}]}}