{"id":30441,"date":"2008-02-15T20:03:30","date_gmt":"2008-02-15T20:03:30","guid":{"rendered":"http:\/\/archiv.szolnoktv.hu\/?p=30441"},"modified":"2021-11-17T11:36:32","modified_gmt":"2021-11-17T11:36:32","slug":"egymasba-futottak","status":"publish","type":"post","link":"http:\/\/archiv.szolnoktv.hu\/?p=30441","title":{"rendered":"Egym\u00e1sba futottak"},"content":{"rendered":"<div class='booster-block booster-read-block'><\/div><p>H\u00e1rom szem\u00e9lyg\u00e9pkocsi ment egym\u00e1sba ma d\u00e9lel\u0151tt a Tiszaligeti lej\u00e1r\u00f3n\u00e1l. Komolyabb szem\u00e9lyi s\u00e9r\u00fcl\u00e9s nem t\u00f6rt\u00e9nt, a rend\u0151rs\u00e9g pedig m\u00e9g vizsg\u00e1lja, melyik sof\u0151r hib\u00e1zott.<br \/>\nD\u00e9lel\u0151tti kocsisor a Tisza- h\u00eddon. A kisebb torl\u00f3d\u00e1st az a baleset okozta, mely a Tiszaligeti lej\u00e1r\u00f3n\u00e1l t\u00f6rt\u00e9nt d\u00e9lel\u0151tt t\u00edz \u00f3ra k\u00f6r\u00fcl. H\u00e1rom szem\u00e9lyaut\u00f3 cs\u00faszott egym\u00e1sba. Az els\u0151, val\u00f3sz\u00edn\u0171leg szab\u00e1lyosan k\u00f6zleked\u0151 piros j\u00e1rm\u0171 egy aut\u00f3buszt akart kiengedni a tiszaligeti buszmeg\u00e1ll\u00f3b\u00f3l, ez\u00e9rt lef\u00e9kezett. A m\u00f6g\u00f6tte halad\u00f3 sz\u00fcrke kocsi m\u00e9g id\u0151ben meg tudott \u00e1llni, de az \u0151t k\u00f6vet\u0151 fekete m\u00e1r nem. S\u00falyosabb szem\u00e9lyi s\u00e9r\u00fcl\u00e9s szerencs\u00e9re nem t\u00f6rt\u00e9nt, a legink\u00e1bb \u00f6sszet\u00f6rt fekete j\u00e1rm\u0171 vezet\u0151j\u00e9t a ment\u0151k k\u00f6nnyebb s\u00e9r\u00fcl\u00e9ssel vitt\u00e9k k\u00f3rh\u00e1zba, de m\u00e1r kiengedt\u00e9k.  Az anyagi k\u00e1r jelent\u0151s, azt, hogy melyik sof\u0151r hib\u00e1zott, a  rend\u0151rs\u00e9g egyel\u0151re vizsg\u00e1lja.<\/p>\n","protected":false},"excerpt":{"rendered":"<p>H\u00e1rom szem\u00e9lyg\u00e9pkocsi ment egym\u00e1sba ma d\u00e9lel\u0151tt a Tiszaligeti lej\u00e1r\u00f3n\u00e1l. Komolyabb szem\u00e9lyi s\u00e9r\u00fcl\u00e9s nem t\u00f6rt\u00e9nt, a rend\u0151rs\u00e9g pedig m\u00e9g vizsg\u00e1lja, melyik sof\u0151r hib\u00e1zott. D\u00e9lel\u0151tti kocsisor a Tisza- h\u00eddon. A kisebb torl\u00f3d\u00e1st az a baleset okozta, mely a Tiszaligeti lej\u00e1r\u00f3n\u00e1l t\u00f6rt\u00e9nt d\u00e9lel\u0151tt t\u00edz \u00f3ra k\u00f6r\u00fcl. H\u00e1rom szem\u00e9lyaut\u00f3 cs\u00faszott egym\u00e1sba. Az els\u0151, val\u00f3sz\u00edn\u0171leg szab\u00e1lyosan k\u00f6zleked\u0151 piros j\u00e1rm\u0171 egy [&hellip;]<\/p>\n","protected":false},"author":2,"featured_media":0,"comment_status":"open","ping_status":"open","sticky":false,"template":"","format":"standard","meta":[],"categories":[24],"tags":[],"_links":{"self":[{"href":"http:\/\/archiv.szolnoktv.hu\/index.php?rest_route=\/wp\/v2\/posts\/30441"}],"collection":[{"href":"http:\/\/archiv.szolnoktv.hu\/index.php?rest_route=\/wp\/v2\/posts"}],"about":[{"href":"http:\/\/archiv.szolnoktv.hu\/index.php?rest_route=\/wp\/v2\/types\/post"}],"author":[{"embeddable":true,"href":"http:\/\/archiv.szolnoktv.hu\/index.php?rest_route=\/wp\/v2\/users\/2"}],"replies":[{"embeddable":true,"href":"http:\/\/archiv.szolnoktv.hu\/index.php?rest_route=%2Fwp%2Fv2%2Fcomments&post=30441"}],"version-history":[{"count":1,"href":"http:\/\/archiv.szolnoktv.hu\/index.php?rest_route=\/wp\/v2\/posts\/30441\/revisions"}],"predecessor-version":[{"id":30606,"href":"http:\/\/archiv.szolnoktv.hu\/index.php?rest_route=\/wp\/v2\/posts\/30441\/revisions\/30606"}],"wp:attachment":[{"href":"http:\/\/archiv.szolnoktv.hu\/index.php?rest_route=%2Fwp%2Fv2%2Fmedia&parent=30441"}],"wp:term":[{"taxonomy":"category","embeddable":true,"href":"http:\/\/archiv.szolnoktv.hu\/index.php?rest_route=%2Fwp%2Fv2%2Fcategories&post=30441"},{"taxonomy":"post_tag","embeddable":true,"href":"http:\/\/archiv.szolnoktv.hu\/index.php?rest_route=%2Fwp%2Fv2%2Ftags&post=30441"}],"curies":[{"name":"wp","href":"https:\/\/api.w.org\/{rel}","templated":true}]}}