{"id":30439,"date":"2008-02-15T19:59:23","date_gmt":"2008-02-15T19:59:23","guid":{"rendered":"http:\/\/archiv.szolnoktv.hu\/?p=30439"},"modified":"2021-11-17T11:36:32","modified_gmt":"2021-11-17T11:36:32","slug":"felveteli-3","status":"publish","type":"post","link":"http:\/\/archiv.szolnoktv.hu\/?p=30439","title":{"rendered":"Felv\u00e9teli"},"content":{"rendered":"<div class='booster-block booster-read-block'><\/div><p>Febru\u00e1r 15-ig jelentkezhettek az \u00e1ltal\u00e1nos iskol\u00e1sok a k\u00f6z\u00e9piskol\u00e1kba, mik\u00f6zben a  k\u00f6z\u00e9piskol\u00e1soknak is ma \u00e9jf\u00e9lig kell post\u00e1zniuk a jelentkez\u00e9si lapokat az egyetemeknek, f&#245;iskol\u00e1knak. Az \u00e9retts\u00e9gi vizsg\u00e1ra is ma lehetett regisztr\u00e1lni utolj\u00e1ra.<br \/>\nA k\u00f6z\u00e9piskol\u00e1sok igazi rohama a post\u00e1n h\u00e9tf&#245;n volt: akkor hossz\u00fa sorokat kellett kiv\u00e1rni a jelentkez\u00e9si lapok lead\u00e1s\u00e1hoz. Nem sokan hagyt\u00e1k az utols\u00f3 pillanatra a d\u00f6nt\u00e9st.  Az\u00e9rt persze volt olyan, aki p\u00e9ntek d\u00e9lut\u00e1nig v\u00e1rt a post\u00e1z\u00e1ssal &#8211; \u00edgy legal\u00e1bb nem kellett sorban \u00e1llnia. A felv\u00e9teli lapok lead\u00e1s\u00e1nak v\u00e9gs&#245; hat\u00e1rideje p\u00e9ntek \u00e9jf\u00e9l. Eddig jelentkezhetnek azok, akik szeptembert&#245;l a fels&#245;oktat\u00e1s valamelyik alap- vagy egys\u00e9ges osztatlan k\u00e9pz\u00e9s\u00e9n akarnak tov\u00e1bbtanulni. Tavaly ilyenkor egy\u00e9bk\u00e9nt k\u00f6zel 110 ezren adt\u00e1k le pap\u00edrjaikat. Az\u00e9rt, hogy ezt id\u00e9n is minden felv\u00e9teliz&#245; id&#245;ben megtehesse, ma a post\u00e1k is tov\u00e1bb, este 8 \u00f3r\u00e1ig vannak nyitva. Ez Szolnokon a Baross \u00fati egyes sz\u00e1m\u00fa  posta.<br \/>K\u00f6zben az \u00e9retts\u00e9gi vizsg\u00e1kra is m\u00e1ig lehetett jelentkezni. A Verseghy Ferenc Gimn\u00e1ziumban el&#245;rehozott \u00e9retts\u00e9gire is sokan regisztr\u00e1ltak, &#245;k a v\u00e9gz&#245;s\u00f6kh\u00f6z hasonl\u00f3an m\u00e1jus- j\u00faniusban vizsg\u00e1znak majd. Ezt minden \u00e9retts\u00e9giz&#245; saj\u00e1t k\u00f6z\u00e9piskol\u00e1j\u00e1ban int\u00e9zhette. Hasonl\u00f3an az \u00e1ltal\u00e1nos iskol\u00e1sokhoz, akik szint\u00e9n saj\u00e1t int\u00e9zm\u00e9ny\u00fckben, febru\u00e1r 15-ig jelentkezhettek a k\u00f6z\u00e9pfok\u00fa iskol\u00e1kba.<\/p>\n","protected":false},"excerpt":{"rendered":"<p>Febru\u00e1r 15-ig jelentkezhettek az \u00e1ltal\u00e1nos iskol\u00e1sok a k\u00f6z\u00e9piskol\u00e1kba, mik\u00f6zben a k\u00f6z\u00e9piskol\u00e1soknak is ma \u00e9jf\u00e9lig kell post\u00e1zniuk a jelentkez\u00e9si lapokat az egyetemeknek, f&#245;iskol\u00e1knak. Az \u00e9retts\u00e9gi vizsg\u00e1ra is ma lehetett regisztr\u00e1lni utolj\u00e1ra. A k\u00f6z\u00e9piskol\u00e1sok igazi rohama a post\u00e1n h\u00e9tf&#245;n volt: akkor hossz\u00fa sorokat kellett kiv\u00e1rni a jelentkez\u00e9si lapok lead\u00e1s\u00e1hoz. Nem sokan hagyt\u00e1k az utols\u00f3 pillanatra a d\u00f6nt\u00e9st. [&hellip;]<\/p>\n","protected":false},"author":2,"featured_media":0,"comment_status":"open","ping_status":"open","sticky":false,"template":"","format":"standard","meta":[],"categories":[24],"tags":[],"_links":{"self":[{"href":"http:\/\/archiv.szolnoktv.hu\/index.php?rest_route=\/wp\/v2\/posts\/30439"}],"collection":[{"href":"http:\/\/archiv.szolnoktv.hu\/index.php?rest_route=\/wp\/v2\/posts"}],"about":[{"href":"http:\/\/archiv.szolnoktv.hu\/index.php?rest_route=\/wp\/v2\/types\/post"}],"author":[{"embeddable":true,"href":"http:\/\/archiv.szolnoktv.hu\/index.php?rest_route=\/wp\/v2\/users\/2"}],"replies":[{"embeddable":true,"href":"http:\/\/archiv.szolnoktv.hu\/index.php?rest_route=%2Fwp%2Fv2%2Fcomments&post=30439"}],"version-history":[{"count":1,"href":"http:\/\/archiv.szolnoktv.hu\/index.php?rest_route=\/wp\/v2\/posts\/30439\/revisions"}],"predecessor-version":[{"id":30608,"href":"http:\/\/archiv.szolnoktv.hu\/index.php?rest_route=\/wp\/v2\/posts\/30439\/revisions\/30608"}],"wp:attachment":[{"href":"http:\/\/archiv.szolnoktv.hu\/index.php?rest_route=%2Fwp%2Fv2%2Fmedia&parent=30439"}],"wp:term":[{"taxonomy":"category","embeddable":true,"href":"http:\/\/archiv.szolnoktv.hu\/index.php?rest_route=%2Fwp%2Fv2%2Fcategories&post=30439"},{"taxonomy":"post_tag","embeddable":true,"href":"http:\/\/archiv.szolnoktv.hu\/index.php?rest_route=%2Fwp%2Fv2%2Ftags&post=30439"}],"curies":[{"name":"wp","href":"https:\/\/api.w.org\/{rel}","templated":true}]}}