{"id":30438,"date":"2008-02-15T19:57:32","date_gmt":"2008-02-15T19:57:32","guid":{"rendered":"http:\/\/archiv.szolnoktv.hu\/?p=30438"},"modified":"2021-11-17T11:36:32","modified_gmt":"2021-11-17T11:36:32","slug":"egeszseges-ivoviz","status":"publish","type":"post","link":"http:\/\/archiv.szolnoktv.hu\/?p=30438","title":{"rendered":"Eg\u00e9szs\u00e9ges iv\u00f3v\u00edz"},"content":{"rendered":"<div class='booster-block booster-read-block'><\/div><p>Racion\u00e1lis \u00e1ron eg\u00e9szs\u00e9ges iv\u00f3v\u00edz. Ezt a c\u00e9lt szolg\u00e1lja az min\u0151s\u00e9gjav\u00edt\u00f3 program, amelynek m\u00e1sodik \u00fcteme hamarosan elkezd\u0151dik az \u00c9szak-alf\u00f6ldi R\u00e9gi\u00f3 \u00e9rintett telep\u00fcl\u00e9sein. A szakemberek \u00fagy sz\u00e1molnak, hogy az \u00e9v v\u00e9g\u00e9re elk\u00e9sz\u00fcl az uni\u00f3s t\u00e1mogat\u00e1si k\u00e9relem teljes tervdokument\u00e1ci\u00f3ja, a konkr\u00e9t beruh\u00e1z\u00e1s pedig optim\u00e1lis esetben 2010 m\u00e1sodik fel\u00e9ben indulhat.<br \/>\nA szolnoki v\u00edz minden tekintetben megfelel az Eur\u00f3pai Uni\u00f3 \u00edv\u00f3v\u00edzmin\u0151s\u00e9gr\u0151l sz\u00f3l\u00f3 ir\u00e1nyelveinek, l\u00e9v\u00e9n a helyi felsz\u00edni v\u00edzm\u0171ben \u00e1ll\u00edtott\u00e1k el\u0151.  A r\u00e9gi\u00f3 \u00e9s a megye sz\u00e1mos telep\u00fcl\u00e9s\u00e9n viszont mer\u0151ben elt\u00e9r\u0151 a helyzet. Az Eg\u00e9szs\u00e9g\u00fcgyi Vil\u00e1gszervezet el\u0151\u00edr\u00e1sainak mindenhol megfelel az iv\u00f3v\u00edz, az uni\u00f3ban elv\u00e1rtaknak azonban akad, ahol nem. Az arz\u00e9n mellett m\u00e9g viszonylag magas az amm\u00f3nium-, a nitrit-, a mang\u00e1n- \u00e9s a vastartalom. A probl\u00e9ma megold\u00e1sa \u00e9rdek\u00e9ben haz\u00e1nkban els\u0151k\u00e9nt az \u00c9szak-alf\u00f6ldi R\u00e9gi\u00f3ban indult el az \u00edv\u00f3v\u00edzmin\u0151s\u00e9g-jav\u00edt\u00f3 program. Az el\u0151k\u00e9sz\u00edt\u0151 munk\u00e1latokra 750 milli\u00f3 forint m\u00e1r rendelkez\u00e9sre \u00e1ll, mag\u00e1t a beruh\u00e1z\u00e1st pedig 90 sz\u00e1zal\u00e9kos m\u00e9rt\u00e9kben t\u00e1mogatja az Eur\u00f3pai Uni\u00f3 \u00e9s a magyar \u00e1llam. A program keret\u00e9ben megval\u00f3sulnak a v\u00edzm\u0171 rekonstrukci\u00f3k, elv\u00e9gzik a v\u00edzmin\u0151s\u00e9g.jav\u00edt\u00f3 beruh\u00e1z\u00e1sokat \u00e9s kicser\u00e9lik a telep\u00fcl\u00e9si v\u00edzvezet\u00e9k-rendszereket. A t\u00e1mogat\u00e1s elnyer\u00e9s\u00e9ig azonban m\u00e9g sz\u00e1mos neh\u00e9zs\u00e9gen kell \u00farr\u00e1 lenni. Az uni\u00f3s \u00e1tlaghoz k\u00e9pest rendk\u00edv\u00fcl sok, 89 c\u00e9g szolg\u00e1ltat iv\u00f3vizet a r\u00e9gi\u00f3ban, a strukt\u00fara megv\u00e1ltoztat\u00e1sa viszont \u00e9rdeks\u00e9relemmel j\u00e1r. Azt is figyelembe kell venni, hogy a beruh\u00e1z\u00e1sokat k\u00f6vet\u0151en dr\u00e1gul\u00e1ssal kell sz\u00e1molni, mert az iv\u00f3v\u00edzszolg\u00e1ltat\u00f3 t\u00e1rsas\u00e1goknak ki kell majd termelnie az \u00fczemeltet\u00e9si, karbantart\u00e1si, fel\u00faj\u00edt\u00e1si k\u00f6lts\u00e9geket, erre ugyanis az uni\u00f3t\u00f3l forr\u00e1sokat ig\u00e9nyelni nem lehet.<\/p>\n","protected":false},"excerpt":{"rendered":"<p>Racion\u00e1lis \u00e1ron eg\u00e9szs\u00e9ges iv\u00f3v\u00edz. Ezt a c\u00e9lt szolg\u00e1lja az min\u0151s\u00e9gjav\u00edt\u00f3 program, amelynek m\u00e1sodik \u00fcteme hamarosan elkezd\u0151dik az \u00c9szak-alf\u00f6ldi R\u00e9gi\u00f3 \u00e9rintett telep\u00fcl\u00e9sein. A szakemberek \u00fagy sz\u00e1molnak, hogy az \u00e9v v\u00e9g\u00e9re elk\u00e9sz\u00fcl az uni\u00f3s t\u00e1mogat\u00e1si k\u00e9relem teljes tervdokument\u00e1ci\u00f3ja, a konkr\u00e9t beruh\u00e1z\u00e1s pedig optim\u00e1lis esetben 2010 m\u00e1sodik fel\u00e9ben indulhat. A szolnoki v\u00edz minden tekintetben megfelel az Eur\u00f3pai Uni\u00f3 [&hellip;]<\/p>\n","protected":false},"author":2,"featured_media":0,"comment_status":"open","ping_status":"open","sticky":false,"template":"","format":"standard","meta":[],"categories":[24],"tags":[],"_links":{"self":[{"href":"http:\/\/archiv.szolnoktv.hu\/index.php?rest_route=\/wp\/v2\/posts\/30438"}],"collection":[{"href":"http:\/\/archiv.szolnoktv.hu\/index.php?rest_route=\/wp\/v2\/posts"}],"about":[{"href":"http:\/\/archiv.szolnoktv.hu\/index.php?rest_route=\/wp\/v2\/types\/post"}],"author":[{"embeddable":true,"href":"http:\/\/archiv.szolnoktv.hu\/index.php?rest_route=\/wp\/v2\/users\/2"}],"replies":[{"embeddable":true,"href":"http:\/\/archiv.szolnoktv.hu\/index.php?rest_route=%2Fwp%2Fv2%2Fcomments&post=30438"}],"version-history":[{"count":1,"href":"http:\/\/archiv.szolnoktv.hu\/index.php?rest_route=\/wp\/v2\/posts\/30438\/revisions"}],"predecessor-version":[{"id":30609,"href":"http:\/\/archiv.szolnoktv.hu\/index.php?rest_route=\/wp\/v2\/posts\/30438\/revisions\/30609"}],"wp:attachment":[{"href":"http:\/\/archiv.szolnoktv.hu\/index.php?rest_route=%2Fwp%2Fv2%2Fmedia&parent=30438"}],"wp:term":[{"taxonomy":"category","embeddable":true,"href":"http:\/\/archiv.szolnoktv.hu\/index.php?rest_route=%2Fwp%2Fv2%2Fcategories&post=30438"},{"taxonomy":"post_tag","embeddable":true,"href":"http:\/\/archiv.szolnoktv.hu\/index.php?rest_route=%2Fwp%2Fv2%2Ftags&post=30438"}],"curies":[{"name":"wp","href":"https:\/\/api.w.org\/{rel}","templated":true}]}}