{"id":30437,"date":"2008-02-15T19:55:51","date_gmt":"2008-02-15T19:55:51","guid":{"rendered":"http:\/\/archiv.szolnoktv.hu\/?p=30437"},"modified":"2021-11-17T11:36:32","modified_gmt":"2021-11-17T11:36:32","slug":"matyas-tudosai-4","status":"publish","type":"post","link":"http:\/\/archiv.szolnoktv.hu\/?p=30437","title":{"rendered":"M\u00e1ty\u00e1s tud\u00f3sai"},"content":{"rendered":"<div class='booster-block booster-read-block'><\/div><p>A megye t\u00f6bb mint n\u00e9gysz\u00e1z kisdi\u00e1kja m\u00e9rte \u00f6ssze a tud\u00e1s\u00e1t matematik\u00e1b\u00f3l a M\u00e1ty\u00e1s Kir\u00e1ly \u00c1ltal\u00e1nos Iskol\u00e1ban. K\u00f6zben vers- \u00e9s pr\u00f3zamond\u00f3, valamint rajztehets\u00e9g\u00fcket is pr\u00f3b\u00e1ra tehett\u00e9k. Id\u00e9n el&#245;sz\u00f6r k\u00fclf\u00f6ldi \u00e1ltal\u00e1nos iskol\u00e1sok is r\u00e9szt vettek a rendezv\u00e9nyen &#8211; hiszen 2008 nemcsak a renesz\u00e1nsz, hanem az Eur\u00f3pai Kult\u00far\u00e1k K\u00f6z\u00f6tti P\u00e1rbesz\u00e9d \u00c9ve is.<br \/>\nM\u00e1ty\u00e1s, az igazs\u00e1gos &#8211; a nev\u00e9t visel&#245; szolnoki iskol\u00e1ba ma t\u00f6bb mint 400 \u00e1ltal\u00e1nos iskol\u00e1s \u00e9rkezett megy\u00e9nk minden r\u00e9sz\u00e9r&#245;l. A M\u00e1ty\u00e1s Tud\u00f3sai versenyt \u00e9vr&#245;l- \u00e9vre megrendezik, mindig m\u00e1s- m\u00e1s t\u00e9mak\u00f6rben. M\u00e1ty\u00e1s kir\u00e1ly megkoron\u00e1z\u00e1s\u00e1nak 550. \u00e9vfordul\u00f3j\u00e1n a kulcssz\u00f3 a zene volt. A hagyom\u00e1nyos rajzverseny indul\u00f3inak p\u00e9ld\u00e1ul Vivaldi, Bart\u00f3k \u00e9s Muszorgszkij zen\u00e9j\u00e9b&#245;l is el&#245;re fel kellett k\u00e9sz\u00fclni\u00fck. A feladat nem volt egyszer&#251;: valamelyik klasszikus zenem&#251;h\u00f6z k\u00e9sz\u00edtettek illusztr\u00e1ci\u00f3t &#8211; hogy melyikhez, azt csak a helysz\u00ednen sorsolt\u00e1k ki. Nem meglep&#245; tal\u00e1n, hogy a pr\u00f3zamond\u00f3- versenyre sokan M\u00e1ty\u00e1s kir\u00e1ly egy- egy t\u00f6rt\u00e9net\u00e9vel k\u00e9sz\u00fcltek. M\u00e1ty\u00e1s tud\u00f3sai k\u00f6z\u00f6tt id\u00e9n el&#245;sz\u00f6r k\u00fclf\u00f6ldi kisdi\u00e1kok is voltak. Huszon\u00f6ten \u00e9rkeztek, \u00e9s az angol vagy n\u00e9met nyelv&#251; szaval\u00f3versenyre neveztek. A spanyol, n\u00e9met \u00e9s lengyel fiatalok a Comenius Iskolai egy\u00fcttm&#251;k\u00f6d\u00e9si programmal l\u00e1togattak p\u00e1r napra haz\u00e1nkba &#8211; s ha m\u00e1r \u00e9pp itt j\u00e1rtak, a versenybe is besz\u00e1lltak.<\/p>\n","protected":false},"excerpt":{"rendered":"<p>A megye t\u00f6bb mint n\u00e9gysz\u00e1z kisdi\u00e1kja m\u00e9rte \u00f6ssze a tud\u00e1s\u00e1t matematik\u00e1b\u00f3l a M\u00e1ty\u00e1s Kir\u00e1ly \u00c1ltal\u00e1nos Iskol\u00e1ban. K\u00f6zben vers- \u00e9s pr\u00f3zamond\u00f3, valamint rajztehets\u00e9g\u00fcket is pr\u00f3b\u00e1ra tehett\u00e9k. Id\u00e9n el&#245;sz\u00f6r k\u00fclf\u00f6ldi \u00e1ltal\u00e1nos iskol\u00e1sok is r\u00e9szt vettek a rendezv\u00e9nyen &#8211; hiszen 2008 nemcsak a renesz\u00e1nsz, hanem az Eur\u00f3pai Kult\u00far\u00e1k K\u00f6z\u00f6tti P\u00e1rbesz\u00e9d \u00c9ve is. M\u00e1ty\u00e1s, az igazs\u00e1gos &#8211; a nev\u00e9t [&hellip;]<\/p>\n","protected":false},"author":2,"featured_media":0,"comment_status":"open","ping_status":"open","sticky":false,"template":"","format":"standard","meta":[],"categories":[24],"tags":[],"_links":{"self":[{"href":"http:\/\/archiv.szolnoktv.hu\/index.php?rest_route=\/wp\/v2\/posts\/30437"}],"collection":[{"href":"http:\/\/archiv.szolnoktv.hu\/index.php?rest_route=\/wp\/v2\/posts"}],"about":[{"href":"http:\/\/archiv.szolnoktv.hu\/index.php?rest_route=\/wp\/v2\/types\/post"}],"author":[{"embeddable":true,"href":"http:\/\/archiv.szolnoktv.hu\/index.php?rest_route=\/wp\/v2\/users\/2"}],"replies":[{"embeddable":true,"href":"http:\/\/archiv.szolnoktv.hu\/index.php?rest_route=%2Fwp%2Fv2%2Fcomments&post=30437"}],"version-history":[{"count":1,"href":"http:\/\/archiv.szolnoktv.hu\/index.php?rest_route=\/wp\/v2\/posts\/30437\/revisions"}],"predecessor-version":[{"id":30610,"href":"http:\/\/archiv.szolnoktv.hu\/index.php?rest_route=\/wp\/v2\/posts\/30437\/revisions\/30610"}],"wp:attachment":[{"href":"http:\/\/archiv.szolnoktv.hu\/index.php?rest_route=%2Fwp%2Fv2%2Fmedia&parent=30437"}],"wp:term":[{"taxonomy":"category","embeddable":true,"href":"http:\/\/archiv.szolnoktv.hu\/index.php?rest_route=%2Fwp%2Fv2%2Fcategories&post=30437"},{"taxonomy":"post_tag","embeddable":true,"href":"http:\/\/archiv.szolnoktv.hu\/index.php?rest_route=%2Fwp%2Fv2%2Ftags&post=30437"}],"curies":[{"name":"wp","href":"https:\/\/api.w.org\/{rel}","templated":true}]}}