{"id":30436,"date":"2008-02-15T19:54:44","date_gmt":"2008-02-15T19:54:44","guid":{"rendered":"http:\/\/archiv.szolnoktv.hu\/?p=30436"},"modified":"2021-11-17T11:36:32","modified_gmt":"2021-11-17T11:36:32","slug":"meg-egy-het","status":"publish","type":"post","link":"http:\/\/archiv.szolnoktv.hu\/?p=30436","title":{"rendered":"M\u00e9g egy h\u00e9t"},"content":{"rendered":"<div class='booster-block booster-read-block'><\/div><p>Febru\u00e1r 22-ig kell megkapniuk a v\u00e1laszt\u00e1sra jogosult \u00e1llampolg\u00e1roknak a n\u00e9pszavaz\u00e1si \u00e9rtes\u00edt&#245;t. Aki nem kap \u00e9rtes\u00edt\u00e9st j\u00f6v&#245; h\u00e9t p\u00e9ntekig, az a ter\u00fcletileg illet\u00e9kes jegyz&#245;h\u00f6z fordulhat. Aki m\u00e1rcius 9-\u00e9n, a n\u00e9pszavaz\u00e1s napj\u00e1n k\u00fclf\u00f6ld\u00f6n tart\u00f3zkodik, de szavazni szeretne, miel&#245;bb k\u00e9relmezze a k\u00fclk\u00e9pviseleti n\u00e9vjegyz\u00e9kbe v\u00e9telt a helyi jegyz&#245;n\u00e9l, hiszen ennek a hat\u00e1rideje is febru\u00e1r 22.<br \/>\nEgy h\u00e9ten bel\u00fcl, azaz legk\u00e9s&#245;bb febru\u00e1r 22-ig minden v\u00e1laszt\u00f3polg\u00e1rnak meg kell kapnia a n\u00e9vjegyz\u00e9kbe v\u00e9tel\u00e9r&#245;l sz\u00f3l\u00f3 \u00e9rtes\u00edt\u00e9st, amelyb&#245;l az is kider\u00fcl, hogy hol \u00e9s mikor adhatja le voks\u00e1t. Aki valamilyen okb\u00f3l nem kapja meg az \u00e9rtes\u00edt\u00e9st, a helyi jegyz&#245;t&#245;l k\u00e9rhet felvil\u00e1gos\u00edt\u00e1st. Ha valaki belf\u00f6ld\u00f6n marad, de nem a lak\u00f3hely\u00e9n adja le a voks\u00e1t, m\u00e1rcius 7-ig k\u00e9rhet igazol\u00e1st err&#245;l a v\u00e1laszt\u00e1si iroda vezet&#245;j\u00e9t&#245;l. Aki m\u00e1rcius 9-\u00e9n k\u00fclf\u00f6ld\u00f6n lesz, de szavazni szeretne, annak szint\u00e9n 22-ig kell jeleznie ezt a lak\u00f3helye szerinti v\u00e1laszt\u00e1si irod\u00e1ban. M\u00e1rcius 9-\u00e9n, vas\u00e1rnap reggel hatt\u00f3l este h\u00e9tig lehet szavazni Szolnok 70 szavaz\u00f3k\u00f6r\u00e9ben. A tand\u00edj, a vizitd\u00edj \u00e9s a k\u00f3rh\u00e1zi napid\u00edj elt\u00f6rl\u00e9s\u00e9re vonatkoz\u00f3 k\u00e9rd\u00e9s h\u00e1rom k\u00fcl\u00f6nb\u00f6z&#245; sz\u00edn&#251; szavaz\u00f3lapon lesz, amit egy bor\u00edt\u00e9kba kell tenni. A r\u00e9szv\u00e9teli adatok r\u00e9szeredm\u00e9nyeit hat alkalommal teszik k\u00f6zz\u00e9, az utols\u00f3t f\u00e9l hatkor. A kamp\u00e1nycsend 8-\u00e1n, vagyis n&#245;napkon \u00e9jf\u00e9lkor l\u00e9p \u00e9letbe \u00e9s urnaz\u00e1r\u00e1sig tart.<\/p>\n","protected":false},"excerpt":{"rendered":"<p>Febru\u00e1r 22-ig kell megkapniuk a v\u00e1laszt\u00e1sra jogosult \u00e1llampolg\u00e1roknak a n\u00e9pszavaz\u00e1si \u00e9rtes\u00edt&#245;t. Aki nem kap \u00e9rtes\u00edt\u00e9st j\u00f6v&#245; h\u00e9t p\u00e9ntekig, az a ter\u00fcletileg illet\u00e9kes jegyz&#245;h\u00f6z fordulhat. Aki m\u00e1rcius 9-\u00e9n, a n\u00e9pszavaz\u00e1s napj\u00e1n k\u00fclf\u00f6ld\u00f6n tart\u00f3zkodik, de szavazni szeretne, miel&#245;bb k\u00e9relmezze a k\u00fclk\u00e9pviseleti n\u00e9vjegyz\u00e9kbe v\u00e9telt a helyi jegyz&#245;n\u00e9l, hiszen ennek a hat\u00e1rideje is febru\u00e1r 22. Egy h\u00e9ten bel\u00fcl, azaz [&hellip;]<\/p>\n","protected":false},"author":2,"featured_media":0,"comment_status":"open","ping_status":"open","sticky":false,"template":"","format":"standard","meta":[],"categories":[24],"tags":[],"_links":{"self":[{"href":"http:\/\/archiv.szolnoktv.hu\/index.php?rest_route=\/wp\/v2\/posts\/30436"}],"collection":[{"href":"http:\/\/archiv.szolnoktv.hu\/index.php?rest_route=\/wp\/v2\/posts"}],"about":[{"href":"http:\/\/archiv.szolnoktv.hu\/index.php?rest_route=\/wp\/v2\/types\/post"}],"author":[{"embeddable":true,"href":"http:\/\/archiv.szolnoktv.hu\/index.php?rest_route=\/wp\/v2\/users\/2"}],"replies":[{"embeddable":true,"href":"http:\/\/archiv.szolnoktv.hu\/index.php?rest_route=%2Fwp%2Fv2%2Fcomments&post=30436"}],"version-history":[{"count":1,"href":"http:\/\/archiv.szolnoktv.hu\/index.php?rest_route=\/wp\/v2\/posts\/30436\/revisions"}],"predecessor-version":[{"id":30611,"href":"http:\/\/archiv.szolnoktv.hu\/index.php?rest_route=\/wp\/v2\/posts\/30436\/revisions\/30611"}],"wp:attachment":[{"href":"http:\/\/archiv.szolnoktv.hu\/index.php?rest_route=%2Fwp%2Fv2%2Fmedia&parent=30436"}],"wp:term":[{"taxonomy":"category","embeddable":true,"href":"http:\/\/archiv.szolnoktv.hu\/index.php?rest_route=%2Fwp%2Fv2%2Fcategories&post=30436"},{"taxonomy":"post_tag","embeddable":true,"href":"http:\/\/archiv.szolnoktv.hu\/index.php?rest_route=%2Fwp%2Fv2%2Ftags&post=30436"}],"curies":[{"name":"wp","href":"https:\/\/api.w.org\/{rel}","templated":true}]}}