{"id":30435,"date":"2008-02-15T19:38:02","date_gmt":"2008-02-15T19:38:02","guid":{"rendered":"http:\/\/archiv.szolnoktv.hu\/?p=30435"},"modified":"2021-11-17T11:36:32","modified_gmt":"2021-11-17T11:36:32","slug":"beiktattak","status":"publish","type":"post","link":"http:\/\/archiv.szolnoktv.hu\/?p=30435","title":{"rendered":"Beiktatt\u00e1k"},"content":{"rendered":"<div class='booster-block booster-read-block'><\/div><p>M\u00e1t\u00f3l hivatalosan is Dr. Gyuricza Mikl\u00f3s T\u00f3szeg polg\u00e1rmestere. A f\u00fcggetlen jel\u00f6lt a vas\u00e1rnapi id\u0151k\u00f6zi v\u00e1laszt\u00e1son <br \/>leadott szavazatok t\u00f6bb mint fel\u00e9vel kapott bizalmat. A telep\u00fcl\u00e9s els\u0151 embere a k\u00f6lts\u00e9gvet\u00e9s stabiliz\u00e1l\u00e1s\u00e1t tartja legfontosabb c\u00e9lj\u00e1nak.<br \/>\n\u00dcnnep\u00e9lyes esk\u00fct\u00e9tel ma d\u00e9lut\u00e1n a t\u00f3szegi polg\u00e1rmesteri hivatalban. A telep\u00fcl\u00e9s v\u00e1laszt\u00f3polg\u00e1rai a vas\u00e1rnapi szavaz\u00e1son Dr. Gyuricza Mikl\u00f3s, f\u00fcggetlen jel\u00f6ltet v\u00e1lasztott\u00e1k T\u00f3szeg els\u0151 ember\u00e9v\u00e9. Az id\u0151k\u00f6zi v\u00e1laszt\u00e1sra az\u00e9rt volt sz\u00fcks\u00e9g, mert a falu kor\u00e1bbi vezet\u0151je, Papp Istv\u00e1n megromlott eg\u00e9szs\u00e9gi \u00e1llapot\u00e1ra hivatkozva tavaly novemberben lemondott. Dr. Gyuricza Mikl\u00f3s 12 \u00e9ve dolgozik a k\u00f6zigazgat\u00e1sban. 8 \u00e9vig dolgozott a szolnoki v\u00e1rosh\u00e1za gazdas\u00e1gi f\u0151oszt\u00e1ly\u00e1n, ez ut\u00e1n T\u00f6r\u00f6kszentmikl\u00f3s aljegyz\u0151je volt. K\u00e9t \u00e9ve a F\u00f6ldm\u0171vel\u0151d\u00e9s\u00fcgyi Miniszt\u00e9riumi parlamneti kapcsolattart\u00f3jak\u00e9nt dolgozott, innen t\u00e1vozott most, a polg\u00e1rmesteri megb\u00edzat\u00e1s miatt. T\u00f3szeg vezet\u0151jek\u00e9nt az \u00f6nkorm\u00e1nyzat gazd\u00e1lkod\u00e1s\u00e1nak \u00e9sszer\u0171s\u00edt\u00e9s\u00e9t tartja a legfontosabbnak, hogy biztos\u00edtani tudj\u00e1k az \u00f6nr\u00e9szt a fejleszt\u00e9sekhez. A polg\u00e1rmester l\u00e1tv\u00e1nyos fejleszt\u00e9seket egyel\u0151re nem tervez, ellenben \u00fajra fel\u00e9leszten\u00e9 a falugy\u0171l\u00e9s int\u00e9zm\u00e9ny\u00e9t, a lakoss\u00e1g hiteles t\u00e1j\u00e9koztat\u00e1sa \u00e9rdek\u00e9ben pedig szerinte sz\u00fcks\u00e9g van a k\u00f6zs\u00e9gi \u00fajs\u00e1gra \u00e9s a T\u00f3szeg TV m\u0171k\u00f6d\u00e9s\u00e9re is. Dr. Gyuricza Mikl\u00f3s elmondta: T\u00f3szeg \u00e9vi 660 milli\u00f3 forintb\u00f3l, \u00e9s meglehet\u0151sen neh\u00e9zkesen gazd\u00e1lkodik, ez\u00e9rt tartja legfontosabb c\u00e9lj\u00e1nak a k\u00f6lts\u00e9gvet\u00e9s stabiliz\u00e1l\u00e1s\u00e1t.<\/p>\n","protected":false},"excerpt":{"rendered":"<p>M\u00e1t\u00f3l hivatalosan is Dr. Gyuricza Mikl\u00f3s T\u00f3szeg polg\u00e1rmestere. A f\u00fcggetlen jel\u00f6lt a vas\u00e1rnapi id\u0151k\u00f6zi v\u00e1laszt\u00e1son leadott szavazatok t\u00f6bb mint fel\u00e9vel kapott bizalmat. A telep\u00fcl\u00e9s els\u0151 embere a k\u00f6lts\u00e9gvet\u00e9s stabiliz\u00e1l\u00e1s\u00e1t tartja legfontosabb c\u00e9lj\u00e1nak. \u00dcnnep\u00e9lyes esk\u00fct\u00e9tel ma d\u00e9lut\u00e1n a t\u00f3szegi polg\u00e1rmesteri hivatalban. A telep\u00fcl\u00e9s v\u00e1laszt\u00f3polg\u00e1rai a vas\u00e1rnapi szavaz\u00e1son Dr. Gyuricza Mikl\u00f3s, f\u00fcggetlen jel\u00f6ltet v\u00e1lasztott\u00e1k T\u00f3szeg els\u0151 ember\u00e9v\u00e9. [&hellip;]<\/p>\n","protected":false},"author":2,"featured_media":0,"comment_status":"open","ping_status":"open","sticky":false,"template":"","format":"standard","meta":[],"categories":[24],"tags":[],"_links":{"self":[{"href":"http:\/\/archiv.szolnoktv.hu\/index.php?rest_route=\/wp\/v2\/posts\/30435"}],"collection":[{"href":"http:\/\/archiv.szolnoktv.hu\/index.php?rest_route=\/wp\/v2\/posts"}],"about":[{"href":"http:\/\/archiv.szolnoktv.hu\/index.php?rest_route=\/wp\/v2\/types\/post"}],"author":[{"embeddable":true,"href":"http:\/\/archiv.szolnoktv.hu\/index.php?rest_route=\/wp\/v2\/users\/2"}],"replies":[{"embeddable":true,"href":"http:\/\/archiv.szolnoktv.hu\/index.php?rest_route=%2Fwp%2Fv2%2Fcomments&post=30435"}],"version-history":[{"count":1,"href":"http:\/\/archiv.szolnoktv.hu\/index.php?rest_route=\/wp\/v2\/posts\/30435\/revisions"}],"predecessor-version":[{"id":30612,"href":"http:\/\/archiv.szolnoktv.hu\/index.php?rest_route=\/wp\/v2\/posts\/30435\/revisions\/30612"}],"wp:attachment":[{"href":"http:\/\/archiv.szolnoktv.hu\/index.php?rest_route=%2Fwp%2Fv2%2Fmedia&parent=30435"}],"wp:term":[{"taxonomy":"category","embeddable":true,"href":"http:\/\/archiv.szolnoktv.hu\/index.php?rest_route=%2Fwp%2Fv2%2Fcategories&post=30435"},{"taxonomy":"post_tag","embeddable":true,"href":"http:\/\/archiv.szolnoktv.hu\/index.php?rest_route=%2Fwp%2Fv2%2Ftags&post=30435"}],"curies":[{"name":"wp","href":"https:\/\/api.w.org\/{rel}","templated":true}]}}