{"id":30433,"date":"2008-02-14T23:22:26","date_gmt":"2008-02-14T23:22:26","guid":{"rendered":"http:\/\/archiv.szolnoktv.hu\/?p=30433"},"modified":"2021-11-17T11:36:32","modified_gmt":"2021-11-17T11:36:32","slug":"hodit-valentin","status":"publish","type":"post","link":"http:\/\/archiv.szolnoktv.hu\/?p=30433","title":{"rendered":"H\u00f3d\u00edt Valentin"},"content":{"rendered":"<div class='booster-block booster-read-block'><\/div><p>\u00f3 \u00fczlet, vagy az igaz szerelem \u00fcnnepe??? Febru\u00e1r 14-e van, Valentin napja. Sokan gy\u0171l\u00f6lik, m\u00e9g t\u00f6bben szeretik az \u00fajkelet\u0171, Amerik\u00e1b\u00f3l \u00e1tsz\u00f6k\u00f6tt \u00fcnnepet. A p\u00e1rok t\u00f6bbs\u00e9ge ilyenkor megaj\u00e1nd\u00e9kozza egym\u00e1st valamilyen apr\u00f3s\u00e1ggal, a legn\u00e9pszer\u0171bb meglepet\u00e9s m\u00e9g mindig a vir\u00e1g. Id\u00e9n azonban nem a v\u00f6r\u00f6s r\u00f3zsa, hanem a sz\u00ednes tavaszi vir\u00e1g h\u00f3d\u00edt.<br \/>\nRossz nyelvek szerint a Valentin napot \u00fczleti fog\u00e1s c\u00e9lj\u00e1b\u00f3l amerikai vir\u00e1gboltosok tal\u00e1lt\u00e1k ki. Val\u00f3j\u00e1ban Szent Valentin \u00fcnnepe m\u00e1r a k\u00f6z\u00e9pkori napt\u00e1rakban is szerepelt, teh\u00e1t a kereszt\u00e9nyek m\u00e1r r\u00e9g\u00f3ta \u00fcnnepelt\u00e9k. Valentin kultusza a m\u00e1sodik sz\u00e1zadra vezethet\u0151 vissza.  A legelterjedtebb t\u00f6rt\u00e9net szerint Valentint II. Claudius b\u00f6rt\u00f6nbe vetette, ahol \u00d5 visszaadta a b\u00f6rt\u00f6n\u0151r le\u00e1ny\u00e1nak l\u00e1t\u00e1s\u00e1t. Miel\u0151tt 270. febru\u00e1r 14-\u00e9n kiv\u00e9gezt\u00e9k volna, egy \u00fczenetet k\u00fcld\u00f6tt a l\u00e1nynak, melyben ennyi \u00e1llt: &#8220;A te Valentinod!&#8221;&#8221;. \u00cdgy v\u00e1lt ez az \u00fczenet vil\u00e1gszerte ismertt\u00e9. Akik elfogadj\u00e1k a Valentin-napot<br \/>\n\u00e1ltal\u00e1ban kisebb-nagyobb aj\u00e1nd\u00e9kkal lepik meg szerelm\u00fcket. A legt\u00f6bben vir\u00e1ggal kedveskednek.J\u00e1cint<br \/>\nfr\u00e9zia<\/p>\n","protected":false},"excerpt":{"rendered":"<p>\u00f3 \u00fczlet, vagy az igaz szerelem \u00fcnnepe??? Febru\u00e1r 14-e van, Valentin napja. Sokan gy\u0171l\u00f6lik, m\u00e9g t\u00f6bben szeretik az \u00fajkelet\u0171, Amerik\u00e1b\u00f3l \u00e1tsz\u00f6k\u00f6tt \u00fcnnepet. A p\u00e1rok t\u00f6bbs\u00e9ge ilyenkor megaj\u00e1nd\u00e9kozza egym\u00e1st valamilyen apr\u00f3s\u00e1ggal, a legn\u00e9pszer\u0171bb meglepet\u00e9s m\u00e9g mindig a vir\u00e1g. Id\u00e9n azonban nem a v\u00f6r\u00f6s r\u00f3zsa, hanem a sz\u00ednes tavaszi vir\u00e1g h\u00f3d\u00edt. Rossz nyelvek szerint a Valentin napot [&hellip;]<\/p>\n","protected":false},"author":2,"featured_media":0,"comment_status":"open","ping_status":"open","sticky":false,"template":"","format":"standard","meta":[],"categories":[24],"tags":[],"_links":{"self":[{"href":"http:\/\/archiv.szolnoktv.hu\/index.php?rest_route=\/wp\/v2\/posts\/30433"}],"collection":[{"href":"http:\/\/archiv.szolnoktv.hu\/index.php?rest_route=\/wp\/v2\/posts"}],"about":[{"href":"http:\/\/archiv.szolnoktv.hu\/index.php?rest_route=\/wp\/v2\/types\/post"}],"author":[{"embeddable":true,"href":"http:\/\/archiv.szolnoktv.hu\/index.php?rest_route=\/wp\/v2\/users\/2"}],"replies":[{"embeddable":true,"href":"http:\/\/archiv.szolnoktv.hu\/index.php?rest_route=%2Fwp%2Fv2%2Fcomments&post=30433"}],"version-history":[{"count":1,"href":"http:\/\/archiv.szolnoktv.hu\/index.php?rest_route=\/wp\/v2\/posts\/30433\/revisions"}],"predecessor-version":[{"id":30614,"href":"http:\/\/archiv.szolnoktv.hu\/index.php?rest_route=\/wp\/v2\/posts\/30433\/revisions\/30614"}],"wp:attachment":[{"href":"http:\/\/archiv.szolnoktv.hu\/index.php?rest_route=%2Fwp%2Fv2%2Fmedia&parent=30433"}],"wp:term":[{"taxonomy":"category","embeddable":true,"href":"http:\/\/archiv.szolnoktv.hu\/index.php?rest_route=%2Fwp%2Fv2%2Fcategories&post=30433"},{"taxonomy":"post_tag","embeddable":true,"href":"http:\/\/archiv.szolnoktv.hu\/index.php?rest_route=%2Fwp%2Fv2%2Ftags&post=30433"}],"curies":[{"name":"wp","href":"https:\/\/api.w.org\/{rel}","templated":true}]}}