{"id":30432,"date":"2008-02-14T23:21:04","date_gmt":"2008-02-14T23:21:04","guid":{"rendered":"http:\/\/archiv.szolnoktv.hu\/?p=30432"},"modified":"2021-11-17T11:36:33","modified_gmt":"2021-11-17T11:36:33","slug":"udulesi-csekk","status":"publish","type":"post","link":"http:\/\/archiv.szolnoktv.hu\/?p=30432","title":{"rendered":"\u00dcd\u00fcl\u00e9si csekk"},"content":{"rendered":"<div class='booster-block booster-read-block'><\/div><p>E h\u00f3nap elej\u00e9t\u0151l nyilv\u00e1nosak ism\u00e9t a Magyar nemzeti \u00dcd\u00fcl\u00e9si Alap\u00edrv\u00e1ny p\u00e1ly\u00e1zatai.Id\u00e9n 69 ezer forintig ad\u00f3 \u00e9s j\u00e1rul\u00e9kmentesen lehet hozz\u00e1f\u00e9rni az \u00fcd\u00fcl\u00e9si csekkhez.JNSZ megy\u00e9ben 309 helyen fogadj\u00e1k el.<br \/>\nJNSZ megy\u00e9ben a helikopter b\u00e1zis katon\u00e1inak ig\u00e9nyelt\u00e9k a legt\u00f6bb \u00fcd\u00fcl\u00e9si csekket,harmadik helyen a J\u00e1szkun vol\u00e1n,\u00f6t\u00f6diken a megyei b\u00edr\u00f3s\u00e1g \u00e1ll.Egy \u00e9v alatt  a megy\u00e9ben t\u00f6bb mint n\u00e9gyszeres\u00e9re emelkedett az ig\u00e9nyl\u00e9sek sz\u00e1ma, 2007-ben m\u00e1r 51 ezer p\u00e1yl\u00e1zat \u00e9rkezett a magyar Nemzeti \u00dcd\u00fcl\u00e9si Alap\u00edtv\u00e1nyhoz.JNSZ legn\u00e9pszer\u0171bb helye Cserkesz\u0151l\u0151,\u00e9s ennek a t\u00e1mogat\u00e1snak a form\u00e1j\u00e1ban \u00f6sszesen  t\u00f6bb mint 73 milli\u00f3 forint \u00e9rkezett a megy\u00e9be.<br \/>Ez is a szoci\u00e1lis alap\u00fa t\u00e1mogat\u00e1s egyik form\u00e1ja,hiszen els\u0151sorban nyugd\u00edjasoknak, fogyat\u00e9kkal \u00e9l\u0151knek, \u00e9s nagycsal\u00e1dosoknak j\u00e1r. Az \u00e9rdekl\u0151d\u0151k szeretn\u00e9k b\u0151v\u00edteni  a v\u00e1laszthat\u00f3 utic\u00e9lok k\u00f6r\u00e9t. A k\u00f6r b\u0151v\u00edthet\u0151.Id\u00e9n k\u00f6zeli hozz\u00e1tartoz\u00f3knak is adhat\u00f3. Szot -beutal\u00f3k helyett teh\u00e1t \u00fcd\u00fcl\u00e9si csekk j\u00e1r: tavaly harmincmilli\u00e1rd forint \u00e9rt\u00e9kben v\u00e1ltott\u00e1k ki az orsz\u00e1gben, egymilli\u00f3-h\u00e9tsz\u00e1zezer ember jav\u00e1ra.<\/p>\n","protected":false},"excerpt":{"rendered":"<p>E h\u00f3nap elej\u00e9t\u0151l nyilv\u00e1nosak ism\u00e9t a Magyar nemzeti \u00dcd\u00fcl\u00e9si Alap\u00edrv\u00e1ny p\u00e1ly\u00e1zatai.Id\u00e9n 69 ezer forintig ad\u00f3 \u00e9s j\u00e1rul\u00e9kmentesen lehet hozz\u00e1f\u00e9rni az \u00fcd\u00fcl\u00e9si csekkhez.JNSZ megy\u00e9ben 309 helyen fogadj\u00e1k el. JNSZ megy\u00e9ben a helikopter b\u00e1zis katon\u00e1inak ig\u00e9nyelt\u00e9k a legt\u00f6bb \u00fcd\u00fcl\u00e9si csekket,harmadik helyen a J\u00e1szkun vol\u00e1n,\u00f6t\u00f6diken a megyei b\u00edr\u00f3s\u00e1g \u00e1ll.Egy \u00e9v alatt a megy\u00e9ben t\u00f6bb mint n\u00e9gyszeres\u00e9re emelkedett az [&hellip;]<\/p>\n","protected":false},"author":2,"featured_media":0,"comment_status":"open","ping_status":"open","sticky":false,"template":"","format":"standard","meta":[],"categories":[24],"tags":[],"_links":{"self":[{"href":"http:\/\/archiv.szolnoktv.hu\/index.php?rest_route=\/wp\/v2\/posts\/30432"}],"collection":[{"href":"http:\/\/archiv.szolnoktv.hu\/index.php?rest_route=\/wp\/v2\/posts"}],"about":[{"href":"http:\/\/archiv.szolnoktv.hu\/index.php?rest_route=\/wp\/v2\/types\/post"}],"author":[{"embeddable":true,"href":"http:\/\/archiv.szolnoktv.hu\/index.php?rest_route=\/wp\/v2\/users\/2"}],"replies":[{"embeddable":true,"href":"http:\/\/archiv.szolnoktv.hu\/index.php?rest_route=%2Fwp%2Fv2%2Fcomments&post=30432"}],"version-history":[{"count":1,"href":"http:\/\/archiv.szolnoktv.hu\/index.php?rest_route=\/wp\/v2\/posts\/30432\/revisions"}],"predecessor-version":[{"id":30615,"href":"http:\/\/archiv.szolnoktv.hu\/index.php?rest_route=\/wp\/v2\/posts\/30432\/revisions\/30615"}],"wp:attachment":[{"href":"http:\/\/archiv.szolnoktv.hu\/index.php?rest_route=%2Fwp%2Fv2%2Fmedia&parent=30432"}],"wp:term":[{"taxonomy":"category","embeddable":true,"href":"http:\/\/archiv.szolnoktv.hu\/index.php?rest_route=%2Fwp%2Fv2%2Fcategories&post=30432"},{"taxonomy":"post_tag","embeddable":true,"href":"http:\/\/archiv.szolnoktv.hu\/index.php?rest_route=%2Fwp%2Fv2%2Ftags&post=30432"}],"curies":[{"name":"wp","href":"https:\/\/api.w.org\/{rel}","templated":true}]}}