{"id":30431,"date":"2008-02-14T23:20:11","date_gmt":"2008-02-14T23:20:11","guid":{"rendered":"http:\/\/archiv.szolnoktv.hu\/?p=30431"},"modified":"2021-11-17T11:36:33","modified_gmt":"2021-11-17T11:36:33","slug":"regios-gondok","status":"publish","type":"post","link":"http:\/\/archiv.szolnoktv.hu\/?p=30431","title":{"rendered":"R\u00e9gi\u00f3s gondok"},"content":{"rendered":"<div class='booster-block booster-read-block'><\/div><p>Az egyenl\u0151tlens\u00e9gek cs\u00f6kkent\u00e9se \u00e9s az \u00e9letsz\u00ednvonal jav\u00edt\u00e1sa. Ez az Eur\u00f3pai Uni\u00f3 egyik kiemelt c\u00e9lja, a k\u00fcl\u00f6nb\u00f6z\u0151 fejleszt\u00e9seket ehhez m\u00e9rten jelent\u0151s, 22 milli\u00e1rd eur\u00f3t meghalad\u00f3 \u00f6sszeggel t\u00e1mogatja a 2013-ig tart\u00f3 k\u00f6lts\u00e9gvet\u00e9si ciklusban. Miut\u00e1n az \u00c9szak-alf\u00f6ldi R\u00e9gi\u00f3 a legfejletlenebb, ide \u00e9rkezik a legt\u00f6bb p\u00e9nz is.<br \/>\nNincsenek k\u00f6nny\u0171 helyzetben az \u00c9szak-alf\u00f6ldi R\u00e9gi\u00f3 telep\u00fcl\u00e9sei. A 27 kist\u00e9rs\u00e9gb\u0151l 24 tartozik a ter\u00fcletfejleszt\u00e9s szempontj\u00e1b\u00f3l kedvezm\u00e9nyezett, ezek k\u00f6z\u00fcl 15 pedig a legh\u00e1tr\u00e1nyosabb helyzet\u0171 kist\u00e9rs\u00e9gek k\u00f6z\u00e9.  Az egy f\u0151re jut\u00f3 nemzeti \u00f6sszterm\u00e9k a hazai \u00e1tlag alig t\u00f6bb mint 65 sz\u00e1zal\u00e9ka, uni\u00f3s szinten pedig m\u00e9g rosszabb a k\u00e9p: nem \u00e9ri el a 40 sz\u00e1zal\u00e9kot sem. Az elmaradotts\u00e1g felsz\u00e1mol\u00e1sa teh\u00e1t kiemelt feladat &#8211; hangzott el az \u00c9szak-alf\u00f6ldi Region\u00e1lis Fejleszt\u00e9si Tan\u00e1cs t\u00e1j\u00e9koztat\u00f3j\u00e1n. Mint Gazda L\u00e1szl\u00f3, a test\u00fclet eln\u00f6ke elmondta: hossz\u00fa el\u0151k\u00e9sz\u00edt\u0151 munk\u00e1t k\u00f6vet\u0151en v\u00e9gre a megval\u00f3s\u00edt\u00e1s id\u0151szaka j\u00f6n. A hazai t\u00e1mogat\u00e1si keret\u00f6sszeg r\u00e9gi\u00f3s szinten ebben az \u00e9vben csaknem 7 milli\u00e1rd forint, ebb\u0151l mintegy 2 milli\u00e1rd jut megy\u00e9nkre. Ami az uni\u00f3s forr\u00e1sokat illeti, a 2007-13 k\u00f6z\u00f6tti id\u0151szakban az \u00c9szak-Alf\u00f6ld kapja a region\u00e1lis operat\u00edv programok k\u00f6z\u00fcl a legnagyobb \u00f6sszeget. 7 \u00e9v alatt csaknem 300 milli\u00e1rd forint k\u00f6lthet\u0151 el a k\u00fcl\u00f6nb\u00f6z\u0151 fejleszt\u00e9sekre, ebb\u0151l 112 milli\u00e1rd a 2007-2008-as akci\u00f3terv keret\u00e9ben. Az \u00fagynevezett kiemelt projektek kapcs\u00e1n elhangzott, hogy a &#8222;Szolnok a Tisza f\u0151v\u00e1rosa&#8221; elk\u00e9pzel\u00e9sr\u0151l m\u00e9g nem d\u00f6nt\u00f6tt a korm\u00e1ny. A szakmai zs\u0171ri a p\u00e1ly\u00e1zat tartalm\u00e1nak tov\u00e1bbi finom\u00edt\u00e1s\u00e1t v\u00e1rja, p\u00e9ld\u00e1ul az infrastrukt\u00fara, vagy a f\u00fcrd\u0151 fejleszt\u00e9snek milyen hozad\u00e9ka lehet. Ami az\u00e9rt fontos &#8211; hangs\u00falyozta Debreczeni Ferenc, a regin\u00e1lis fejleszt\u00e9si \u00fcgyn\u00f6ks\u00e9g igazgat\u00f3ja, mert azt meg is kell val\u00f3s\u00edtani, ami a projektle\u00edr\u00e1sban szerepel.<\/p>\n","protected":false},"excerpt":{"rendered":"<p>Az egyenl\u0151tlens\u00e9gek cs\u00f6kkent\u00e9se \u00e9s az \u00e9letsz\u00ednvonal jav\u00edt\u00e1sa. Ez az Eur\u00f3pai Uni\u00f3 egyik kiemelt c\u00e9lja, a k\u00fcl\u00f6nb\u00f6z\u0151 fejleszt\u00e9seket ehhez m\u00e9rten jelent\u0151s, 22 milli\u00e1rd eur\u00f3t meghalad\u00f3 \u00f6sszeggel t\u00e1mogatja a 2013-ig tart\u00f3 k\u00f6lts\u00e9gvet\u00e9si ciklusban. Miut\u00e1n az \u00c9szak-alf\u00f6ldi R\u00e9gi\u00f3 a legfejletlenebb, ide \u00e9rkezik a legt\u00f6bb p\u00e9nz is. Nincsenek k\u00f6nny\u0171 helyzetben az \u00c9szak-alf\u00f6ldi R\u00e9gi\u00f3 telep\u00fcl\u00e9sei. A 27 kist\u00e9rs\u00e9gb\u0151l 24 tartozik [&hellip;]<\/p>\n","protected":false},"author":2,"featured_media":0,"comment_status":"open","ping_status":"open","sticky":false,"template":"","format":"standard","meta":[],"categories":[24],"tags":[],"_links":{"self":[{"href":"http:\/\/archiv.szolnoktv.hu\/index.php?rest_route=\/wp\/v2\/posts\/30431"}],"collection":[{"href":"http:\/\/archiv.szolnoktv.hu\/index.php?rest_route=\/wp\/v2\/posts"}],"about":[{"href":"http:\/\/archiv.szolnoktv.hu\/index.php?rest_route=\/wp\/v2\/types\/post"}],"author":[{"embeddable":true,"href":"http:\/\/archiv.szolnoktv.hu\/index.php?rest_route=\/wp\/v2\/users\/2"}],"replies":[{"embeddable":true,"href":"http:\/\/archiv.szolnoktv.hu\/index.php?rest_route=%2Fwp%2Fv2%2Fcomments&post=30431"}],"version-history":[{"count":1,"href":"http:\/\/archiv.szolnoktv.hu\/index.php?rest_route=\/wp\/v2\/posts\/30431\/revisions"}],"predecessor-version":[{"id":30616,"href":"http:\/\/archiv.szolnoktv.hu\/index.php?rest_route=\/wp\/v2\/posts\/30431\/revisions\/30616"}],"wp:attachment":[{"href":"http:\/\/archiv.szolnoktv.hu\/index.php?rest_route=%2Fwp%2Fv2%2Fmedia&parent=30431"}],"wp:term":[{"taxonomy":"category","embeddable":true,"href":"http:\/\/archiv.szolnoktv.hu\/index.php?rest_route=%2Fwp%2Fv2%2Fcategories&post=30431"},{"taxonomy":"post_tag","embeddable":true,"href":"http:\/\/archiv.szolnoktv.hu\/index.php?rest_route=%2Fwp%2Fv2%2Ftags&post=30431"}],"curies":[{"name":"wp","href":"https:\/\/api.w.org\/{rel}","templated":true}]}}