{"id":30430,"date":"2008-02-14T23:19:26","date_gmt":"2008-02-14T23:19:26","guid":{"rendered":"http:\/\/archiv.szolnoktv.hu\/?p=30430"},"modified":"2021-11-17T11:36:33","modified_gmt":"2021-11-17T11:36:33","slug":"tobb-jut-oktatasra","status":"publish","type":"post","link":"http:\/\/archiv.szolnoktv.hu\/?p=30430","title":{"rendered":"T\u00f6bb jut oktat\u00e1sra"},"content":{"rendered":"<div class='booster-block booster-read-block'><\/div><p>20 milli\u00e1rdb\u00f3l gazd\u00e1lkodhat a v\u00e1ros 2008-ban. Id\u00e9n t\u00f6bb p\u00e9nz jut oktat\u00e1sra, sportra, eg\u00e9szs\u00e9g\u00fcgyi \u00e9s szoci\u00e1lis ter\u00fcletekre. &#8211; egyebek mellett ez is elhangzott a P\u00e9nz\u00fcgyi Bizotts\u00e1g mai \u00fcl\u00e9s\u00e9n. Hegmann\u00e9 Nemes S\u00e1ra alpolg\u00e1rmester szerint a j\u00f3 ad\u00f3ss\u00e1gkezel\u00e9snek k\u00f6sz\u00f6nhet\u0151 a k\u00f6lts\u00e9gvet\u00e9s javul\u00e1sa.<br \/>\nA P\u00e9nz\u00fcgyi Bizotts\u00e1g mai \u00fcl\u00e9s\u00e9n t\u00e1rgyalta a laikusok sz\u00e1m\u00e1ra alig-alig \u00e9rthet\u0151, bonyolult p\u00e9nz\u00fcgyi t\u00e9telekb\u0151l \u00e1ll\u00f3, 2008-ra vonatkoz\u00f3 k\u00f6lts\u00e9gvet\u00e9si tervezetet. Rad\u00f3cz Zolt\u00e1n az Aktu\u00e1lisnak elmondta: id\u00e9n 20 milli\u00e1rd forintb\u00f3l gazd\u00e1lkodhat a v\u00e1ros. A test\u00fclet eln\u00f6ke szerint 2008-ban stabilan m\u0171k\u00f6dhet az int\u00e9zm\u00e9nyh\u00e1l\u00f3zat, \u00e1m kev\u00e9snek t\u0171nik a v\u00e1ros\u00fczemeltet\u00e9sre sz\u00e1nt p\u00e9nz, ez a hi\u00e1ny pedig csak \u00e9v k\u00f6zben mutatkozik meg. A tavalyin\u00e1l t\u00f6bb p\u00e9nz jut eg\u00e9szs\u00e9g\u00fcgyi \u00e9s szoci\u00e1lis ter\u00fcletekre, oktat\u00e1sra, sportra. Fontos t\u00e9tel a k\u00f6lts\u00e9gvet\u00e9sben, hogy az \u00f6nkorm\u00e1nyzat \u00f6ner\u0151b\u0151l biztos\u00edtja az ipari park infrastrukt\u00far\u00e1j\u00e1nak fejleszt\u00e9s\u00e9t, valamint a tiszaligeti k\u00f6zm\u0171fejleszt\u00e9st. Hegmann\u00e9 Nemes S\u00e1ra, a v\u00e1ros gazdas\u00e1gi \u00fcgyek\u00e9rt felel\u0151s alpolg\u00e1rmestere el\u00e9gedett, szerinte a bev\u00e9tel \u00e9s a kiad\u00e1s is a tervezettnek megfelel\u0151en alakult. Az alpolg\u00e1rmester \u00fagy v\u00e9li: a k\u00f6lts\u00e9gvet\u00e9s javul\u00e1sa  az akt\u00edv ad\u00f3ss\u00e1gkezel\u00e9snek is k\u00f6sz\u00f6nhet\u0151. Az bizonytalans\u00e1got a k\u00f6lts\u00e9gvet\u00e9si tervezetben a p\u00e1ly\u00e1zatokb\u00f3l finansz\u00edrozhat\u00f3 beruh\u00e1z\u00e1sok okozz\u00e1k, az ehhez sz\u00fcks\u00e9ges forr\u00e1sok  tartal\u00e9kban vannak. Felhaszn\u00e1l\u00e1suk pedig a p\u00e1ly\u00e1zatok siker\u00e9t\u0151l f\u00fcgg. A v\u00e9gleges k\u00f6lts\u00e9gvet\u00e9sr\u0151l febru\u00e1r 21-\u00e9n d\u00f6nt a k\u00f6zgy\u0171l\u00e9s.<\/p>\n","protected":false},"excerpt":{"rendered":"<p>20 milli\u00e1rdb\u00f3l gazd\u00e1lkodhat a v\u00e1ros 2008-ban. Id\u00e9n t\u00f6bb p\u00e9nz jut oktat\u00e1sra, sportra, eg\u00e9szs\u00e9g\u00fcgyi \u00e9s szoci\u00e1lis ter\u00fcletekre. &#8211; egyebek mellett ez is elhangzott a P\u00e9nz\u00fcgyi Bizotts\u00e1g mai \u00fcl\u00e9s\u00e9n. Hegmann\u00e9 Nemes S\u00e1ra alpolg\u00e1rmester szerint a j\u00f3 ad\u00f3ss\u00e1gkezel\u00e9snek k\u00f6sz\u00f6nhet\u0151 a k\u00f6lts\u00e9gvet\u00e9s javul\u00e1sa. A P\u00e9nz\u00fcgyi Bizotts\u00e1g mai \u00fcl\u00e9s\u00e9n t\u00e1rgyalta a laikusok sz\u00e1m\u00e1ra alig-alig \u00e9rthet\u0151, bonyolult p\u00e9nz\u00fcgyi t\u00e9telekb\u0151l \u00e1ll\u00f3, 2008-ra [&hellip;]<\/p>\n","protected":false},"author":2,"featured_media":0,"comment_status":"open","ping_status":"open","sticky":false,"template":"","format":"standard","meta":[],"categories":[24],"tags":[],"_links":{"self":[{"href":"http:\/\/archiv.szolnoktv.hu\/index.php?rest_route=\/wp\/v2\/posts\/30430"}],"collection":[{"href":"http:\/\/archiv.szolnoktv.hu\/index.php?rest_route=\/wp\/v2\/posts"}],"about":[{"href":"http:\/\/archiv.szolnoktv.hu\/index.php?rest_route=\/wp\/v2\/types\/post"}],"author":[{"embeddable":true,"href":"http:\/\/archiv.szolnoktv.hu\/index.php?rest_route=\/wp\/v2\/users\/2"}],"replies":[{"embeddable":true,"href":"http:\/\/archiv.szolnoktv.hu\/index.php?rest_route=%2Fwp%2Fv2%2Fcomments&post=30430"}],"version-history":[{"count":1,"href":"http:\/\/archiv.szolnoktv.hu\/index.php?rest_route=\/wp\/v2\/posts\/30430\/revisions"}],"predecessor-version":[{"id":30617,"href":"http:\/\/archiv.szolnoktv.hu\/index.php?rest_route=\/wp\/v2\/posts\/30430\/revisions\/30617"}],"wp:attachment":[{"href":"http:\/\/archiv.szolnoktv.hu\/index.php?rest_route=%2Fwp%2Fv2%2Fmedia&parent=30430"}],"wp:term":[{"taxonomy":"category","embeddable":true,"href":"http:\/\/archiv.szolnoktv.hu\/index.php?rest_route=%2Fwp%2Fv2%2Fcategories&post=30430"},{"taxonomy":"post_tag","embeddable":true,"href":"http:\/\/archiv.szolnoktv.hu\/index.php?rest_route=%2Fwp%2Fv2%2Ftags&post=30430"}],"curies":[{"name":"wp","href":"https:\/\/api.w.org\/{rel}","templated":true}]}}