{"id":30428,"date":"2008-02-14T23:17:10","date_gmt":"2008-02-14T23:17:10","guid":{"rendered":"http:\/\/archiv.szolnoktv.hu\/?p=30428"},"modified":"2021-11-17T11:36:33","modified_gmt":"2021-11-17T11:36:33","slug":"orokbefogado-nap-2","status":"publish","type":"post","link":"http:\/\/archiv.szolnoktv.hu\/?p=30428","title":{"rendered":"\u00d6r\u00f6kbefogad\u00f3 nap"},"content":{"rendered":"<div class='booster-block booster-read-block'><\/div><p>Ism\u00e9t \u00f6r\u00f6kbefogad\u00f3 nap lesz szombaton a Szolnoki \u00c1llatotthonban. A szervez\u0151k nemcsak az \u00f6r\u00f6kbefogad\u00f3kat, hanem minden \u00e1llatbar\u00e1tot v\u00e1rnak, aki bepillant\u00e1st szeretne nyerni a menhely \u00e9let\u00e9be.<br \/>\n\u00d6r\u00f6kbefogad\u00f3 napot szervez febru\u00e1r 16-\u00e1n, szombaton a Szolnoki \u00c1llatotthon. A c\u00e9l, hogy min\u00e9l t\u00f6bb kutya otthonra leljen. A leend\u0151 gazdiknak a menhely munkat\u00e1rsai \u00e9s \u00f6nk\u00e9ntesek seg\u00edtenek a kutyusok kiv\u00e1laszt\u00e1s\u00e1ban, \u00e9s \u00f6r\u00f6kbefogad\u00e1s eset\u00e9n j\u00f3 tan\u00e1csokkal is ell\u00e1tj\u00e1k \u0151ket, hogyan gondozz\u00e1k majd kedvenceiket. Aki kuty\u00e1t szeretne szombaton hazavinni, vigyen mag\u00e1val szem\u00e9lyi igazolv\u00e1nyt, \u00e9s 1500, illetve ha fajtatiszta kutyust v\u00e1laszt, 3000 forintot. Az \u00f6r\u00f6kbefogad\u00e1si napon d\u00e9lel\u0151tt 10-t\u0151l d\u00e9lut\u00e1n 2-ig v\u00e1rnak minden \u00e9rdekl\u0151d\u0151t a Szolnoki \u00c1llatotthonban, a Mester \u00faton, a Fiatalok H\u00e1z\u00e1val szemben.<\/p>\n","protected":false},"excerpt":{"rendered":"<p>Ism\u00e9t \u00f6r\u00f6kbefogad\u00f3 nap lesz szombaton a Szolnoki \u00c1llatotthonban. A szervez\u0151k nemcsak az \u00f6r\u00f6kbefogad\u00f3kat, hanem minden \u00e1llatbar\u00e1tot v\u00e1rnak, aki bepillant\u00e1st szeretne nyerni a menhely \u00e9let\u00e9be. \u00d6r\u00f6kbefogad\u00f3 napot szervez febru\u00e1r 16-\u00e1n, szombaton a Szolnoki \u00c1llatotthon. A c\u00e9l, hogy min\u00e9l t\u00f6bb kutya otthonra leljen. A leend\u0151 gazdiknak a menhely munkat\u00e1rsai \u00e9s \u00f6nk\u00e9ntesek seg\u00edtenek a kutyusok kiv\u00e1laszt\u00e1s\u00e1ban, \u00e9s \u00f6r\u00f6kbefogad\u00e1s [&hellip;]<\/p>\n","protected":false},"author":2,"featured_media":0,"comment_status":"open","ping_status":"open","sticky":false,"template":"","format":"standard","meta":[],"categories":[24],"tags":[],"_links":{"self":[{"href":"http:\/\/archiv.szolnoktv.hu\/index.php?rest_route=\/wp\/v2\/posts\/30428"}],"collection":[{"href":"http:\/\/archiv.szolnoktv.hu\/index.php?rest_route=\/wp\/v2\/posts"}],"about":[{"href":"http:\/\/archiv.szolnoktv.hu\/index.php?rest_route=\/wp\/v2\/types\/post"}],"author":[{"embeddable":true,"href":"http:\/\/archiv.szolnoktv.hu\/index.php?rest_route=\/wp\/v2\/users\/2"}],"replies":[{"embeddable":true,"href":"http:\/\/archiv.szolnoktv.hu\/index.php?rest_route=%2Fwp%2Fv2%2Fcomments&post=30428"}],"version-history":[{"count":1,"href":"http:\/\/archiv.szolnoktv.hu\/index.php?rest_route=\/wp\/v2\/posts\/30428\/revisions"}],"predecessor-version":[{"id":30619,"href":"http:\/\/archiv.szolnoktv.hu\/index.php?rest_route=\/wp\/v2\/posts\/30428\/revisions\/30619"}],"wp:attachment":[{"href":"http:\/\/archiv.szolnoktv.hu\/index.php?rest_route=%2Fwp%2Fv2%2Fmedia&parent=30428"}],"wp:term":[{"taxonomy":"category","embeddable":true,"href":"http:\/\/archiv.szolnoktv.hu\/index.php?rest_route=%2Fwp%2Fv2%2Fcategories&post=30428"},{"taxonomy":"post_tag","embeddable":true,"href":"http:\/\/archiv.szolnoktv.hu\/index.php?rest_route=%2Fwp%2Fv2%2Ftags&post=30428"}],"curies":[{"name":"wp","href":"https:\/\/api.w.org\/{rel}","templated":true}]}}