{"id":30427,"date":"2008-02-14T23:15:48","date_gmt":"2008-02-14T23:15:48","guid":{"rendered":"http:\/\/archiv.szolnoktv.hu\/?p=30427"},"modified":"2021-11-17T11:36:33","modified_gmt":"2021-11-17T11:36:33","slug":"fakivagas-2","status":"publish","type":"post","link":"http:\/\/archiv.szolnoktv.hu\/?p=30427","title":{"rendered":"Fakiv\u00e1g\u00e1s"},"content":{"rendered":"<div class='booster-block booster-read-block'><\/div><p>Kevesebb a fa a V\u00e1rosmajor \u00faton. A 40-50 \u00e9ves n\u00f6v\u00e9nyeket, hogy tov\u00e1bbra is eg\u00e9szs\u00e9gesek \u00e9s sz\u00e9pek maradjanak, le kellett gallyazni. Vannak azonban olyanok is, amiket betegs\u00e9geik miatt ki kellett v\u00e1gni. A lakosok szerint rossz, hogy egy ideig kevesebb \u00e1rny\u00e9k lesz otthonaik el&#245;tt, ugyanakkor meg\u00e9rtik, p\u00e1r \u00e9ven bel\u00fcl szebb k\u00f6rnyezet v\u00e1rja majd &#245;ket.<br \/>\n\u00dajabb f\u00e1kat v\u00e1gtak ki a V\u00e1rosmajor \u00faton. A ritk\u00edt\u00e1snak \u00e9s gallyaz\u00e1snak azonban nyom\u00f3s oka volt. A nagyfesz\u00fclts\u00e9g&#251; vezet\u00e9kek alatti f\u00e1k lombkoron\u00e1j\u00e1t az \u00e1ramszolg\u00e1ltat\u00f3 n\u00e9h\u00e1ny \u00e9vvel ezel&#245;tt elv\u00e9gezte, de ez ink\u00e1bb csak a prakituss\u00e1got el\u00e9g\u00edtette ki, az eszt\u00e9tikum h\u00e1tt\u00e9rbe szorult. Voltak azonban olyan n\u00f6v\u00e9nyek is, melyekat az\u00e9rt kellett kiv\u00e1gni, mert \u00e1llapotuk leromlott. A k\u00f6rny\u00e9k lak\u00f3it rosszul \u00e9rintette, hogy n\u00e9h\u00e1ny h\u00f3nappal ezel&#245;tt a ker\u00e9kp\u00e1r\u00fat \u00e9p\u00edt\u00e9se miatt egyszer m\u00e1r ritk\u00edtott\u00e1k a f\u00e1kat. A szakemberek azonban akkor is arra t\u00f6rekedtek, hogy a lehet&#245; legt\u00f6bb n\u00f6v\u00e9nyt meg\u00f3vj\u00e1k a kiv\u00e1g\u00e1st\u00f3l. A mostani gallyaz\u00e1s azonban elker\u00fclhetetlen volt. A V\u00e1rosmajor \u00fati lakosoknak a ny\u00e1r bek\u00f6sz\u00f6nt\u00e9vel nyilv\u00e1n hi\u00e1nyozni fognak a jap\u00e1n ak\u00e1c, a k&#245;ris, valamint a hegyi juhar f\u00e1k ny\u00fajtotta \u00e1rny\u00e9kos ter\u00fcletek. A lombkorona azonban viszonylag hamar, m\u00e1sf\u00e9l, k\u00e9t \u00e9v alatt teljesen visszan&#245;.<\/p>\n","protected":false},"excerpt":{"rendered":"<p>Kevesebb a fa a V\u00e1rosmajor \u00faton. A 40-50 \u00e9ves n\u00f6v\u00e9nyeket, hogy tov\u00e1bbra is eg\u00e9szs\u00e9gesek \u00e9s sz\u00e9pek maradjanak, le kellett gallyazni. Vannak azonban olyanok is, amiket betegs\u00e9geik miatt ki kellett v\u00e1gni. A lakosok szerint rossz, hogy egy ideig kevesebb \u00e1rny\u00e9k lesz otthonaik el&#245;tt, ugyanakkor meg\u00e9rtik, p\u00e1r \u00e9ven bel\u00fcl szebb k\u00f6rnyezet v\u00e1rja majd &#245;ket. \u00dajabb f\u00e1kat v\u00e1gtak [&hellip;]<\/p>\n","protected":false},"author":2,"featured_media":0,"comment_status":"open","ping_status":"open","sticky":false,"template":"","format":"standard","meta":[],"categories":[24],"tags":[],"_links":{"self":[{"href":"http:\/\/archiv.szolnoktv.hu\/index.php?rest_route=\/wp\/v2\/posts\/30427"}],"collection":[{"href":"http:\/\/archiv.szolnoktv.hu\/index.php?rest_route=\/wp\/v2\/posts"}],"about":[{"href":"http:\/\/archiv.szolnoktv.hu\/index.php?rest_route=\/wp\/v2\/types\/post"}],"author":[{"embeddable":true,"href":"http:\/\/archiv.szolnoktv.hu\/index.php?rest_route=\/wp\/v2\/users\/2"}],"replies":[{"embeddable":true,"href":"http:\/\/archiv.szolnoktv.hu\/index.php?rest_route=%2Fwp%2Fv2%2Fcomments&post=30427"}],"version-history":[{"count":1,"href":"http:\/\/archiv.szolnoktv.hu\/index.php?rest_route=\/wp\/v2\/posts\/30427\/revisions"}],"predecessor-version":[{"id":30620,"href":"http:\/\/archiv.szolnoktv.hu\/index.php?rest_route=\/wp\/v2\/posts\/30427\/revisions\/30620"}],"wp:attachment":[{"href":"http:\/\/archiv.szolnoktv.hu\/index.php?rest_route=%2Fwp%2Fv2%2Fmedia&parent=30427"}],"wp:term":[{"taxonomy":"category","embeddable":true,"href":"http:\/\/archiv.szolnoktv.hu\/index.php?rest_route=%2Fwp%2Fv2%2Fcategories&post=30427"},{"taxonomy":"post_tag","embeddable":true,"href":"http:\/\/archiv.szolnoktv.hu\/index.php?rest_route=%2Fwp%2Fv2%2Ftags&post=30427"}],"curies":[{"name":"wp","href":"https:\/\/api.w.org\/{rel}","templated":true}]}}