{"id":30426,"date":"2008-02-14T23:14:48","date_gmt":"2008-02-14T23:14:48","guid":{"rendered":"http:\/\/archiv.szolnoktv.hu\/?p=30426"},"modified":"2021-11-17T11:36:33","modified_gmt":"2021-11-17T11:36:33","slug":"emlekkard","status":"publish","type":"post","link":"http:\/\/archiv.szolnoktv.hu\/?p=30426","title":{"rendered":"Eml\u00e9kkard"},"content":{"rendered":"<div class='booster-block booster-read-block'><\/div><p>Zagyvar\u00e9kas sz\u00fcl\u00f6ttje, Serf\u0151z\u0151 Simon k\u00f6lt\u0151-\u00edr\u00f3 vehette \u00e1t id\u00e9n a Balassi B\u00e1lint-eml\u00e9kkardot. A d\u00edjat minden \u00e9vben az kapja, akinek l\u00edr\u00e1j\u00e1t a b\u00edr\u00e1l\u00f3k m\u00e9lt\u00f3nak tartj\u00e1k a renesz\u00e1nsz alkot\u00f3 \u00e9letm\u0171v\u00e9hez.<br \/>\nA magyar k\u00f6lt\u0151k k\u00f6z\u00fcl Serf\u0151z\u0151 Simon, m\u0171ford\u00edt\u00e1sai\u00e9rt pedig az orosz Jurij Guszev kapta ma Budapesten a Balassi B\u00e1lint-eml\u00e9kkardot. A Balassi Bar\u00e1ti K\u00f6r a magyar l\u00edra kiemelked\u0151 alakjait \u00e9s a magyar irodalmat, benne Balassi k\u00f6lt\u00e9szet\u00e9t ford\u00edt\u00f3 eur\u00f3pai k\u00f6lt\u0151ket jutalmazza egy k\u00f6z\u00e9pkori v\u00e9gv\u00e1ri szablya korh\u0171 m\u00e1solat\u00e1val. A magyar k\u00f6lt\u00e9szetb\u0151l id\u00e9n Serf\u0151z\u0151 Simon l\u00edr\u00e1j\u00e1t tal\u00e1lt\u00e1k m\u00e9lt\u00f3nak a renesz\u00e1nsz k\u00f6lt\u0151 \u00e9letm\u0171v\u00e9hez. Serf\u0151z\u0151 Simon Zagyvar\u00e9kason sz\u00fcletett 1942. okt\u00f3ber 24-\u00e9n. \u00dajs\u00e1g\u00edr\u00f3 volt a Szolnok Megyei N\u00e9plapn\u00e1l, majd a miskolci Napjaink versrovat\u00e1nak szerkeszt\u0151je. 1990-t\u0151l a Holnap f\u0151szerkeszt\u0151je, k\u00e9s\u0151bb az \u00daj Holnap f\u0151munkat\u00e1rsa. Munk\u00e1ss\u00e1g\u00e1t 1991-ben J\u00f3zsef Attila-d\u00edjjal jutalmazt\u00e1k. Sz\u00fcl\u0151f\u00f6ldje nagy hat\u00e1ssal volt m\u0171veire. Am\u00edg \u00e9l\u00fcnk c. riportk\u00f6tet\u00e9ben \u00dajsz\u00e1sz \u00e9s Zagyvar\u00e9kas lak\u00f3ir\u00f3l \u00edr, sorsukat szem\u00e9lyes \u00fcgy\u00e9nek tekintve, \u00e9s h\u00e1rom egyfelvon\u00e1sos dr\u00e1m\u00e1j\u00e1nak a R\u00e9mh\u00edrviv\u0151k, Otthontalanok \u00e9s a Minden\u00e1ron h\u0151seit is a tany\u00e1k, falvak marad\u00f3 vagy &#8220;k\u00e9tlakiv\u00e1&#8221;&#8221; lett emberei k\u00f6z\u00fcl v\u00e1lasztotta.  &#8221;<\/p>\n","protected":false},"excerpt":{"rendered":"<p>Zagyvar\u00e9kas sz\u00fcl\u00f6ttje, Serf\u0151z\u0151 Simon k\u00f6lt\u0151-\u00edr\u00f3 vehette \u00e1t id\u00e9n a Balassi B\u00e1lint-eml\u00e9kkardot. A d\u00edjat minden \u00e9vben az kapja, akinek l\u00edr\u00e1j\u00e1t a b\u00edr\u00e1l\u00f3k m\u00e9lt\u00f3nak tartj\u00e1k a renesz\u00e1nsz alkot\u00f3 \u00e9letm\u0171v\u00e9hez. A magyar k\u00f6lt\u0151k k\u00f6z\u00fcl Serf\u0151z\u0151 Simon, m\u0171ford\u00edt\u00e1sai\u00e9rt pedig az orosz Jurij Guszev kapta ma Budapesten a Balassi B\u00e1lint-eml\u00e9kkardot. A Balassi Bar\u00e1ti K\u00f6r a magyar l\u00edra kiemelked\u0151 alakjait \u00e9s [&hellip;]<\/p>\n","protected":false},"author":2,"featured_media":0,"comment_status":"open","ping_status":"open","sticky":false,"template":"","format":"standard","meta":[],"categories":[24],"tags":[],"_links":{"self":[{"href":"http:\/\/archiv.szolnoktv.hu\/index.php?rest_route=\/wp\/v2\/posts\/30426"}],"collection":[{"href":"http:\/\/archiv.szolnoktv.hu\/index.php?rest_route=\/wp\/v2\/posts"}],"about":[{"href":"http:\/\/archiv.szolnoktv.hu\/index.php?rest_route=\/wp\/v2\/types\/post"}],"author":[{"embeddable":true,"href":"http:\/\/archiv.szolnoktv.hu\/index.php?rest_route=\/wp\/v2\/users\/2"}],"replies":[{"embeddable":true,"href":"http:\/\/archiv.szolnoktv.hu\/index.php?rest_route=%2Fwp%2Fv2%2Fcomments&post=30426"}],"version-history":[{"count":1,"href":"http:\/\/archiv.szolnoktv.hu\/index.php?rest_route=\/wp\/v2\/posts\/30426\/revisions"}],"predecessor-version":[{"id":30621,"href":"http:\/\/archiv.szolnoktv.hu\/index.php?rest_route=\/wp\/v2\/posts\/30426\/revisions\/30621"}],"wp:attachment":[{"href":"http:\/\/archiv.szolnoktv.hu\/index.php?rest_route=%2Fwp%2Fv2%2Fmedia&parent=30426"}],"wp:term":[{"taxonomy":"category","embeddable":true,"href":"http:\/\/archiv.szolnoktv.hu\/index.php?rest_route=%2Fwp%2Fv2%2Fcategories&post=30426"},{"taxonomy":"post_tag","embeddable":true,"href":"http:\/\/archiv.szolnoktv.hu\/index.php?rest_route=%2Fwp%2Fv2%2Ftags&post=30426"}],"curies":[{"name":"wp","href":"https:\/\/api.w.org\/{rel}","templated":true}]}}