{"id":30425,"date":"2008-02-14T23:13:48","date_gmt":"2008-02-14T23:13:48","guid":{"rendered":"http:\/\/archiv.szolnoktv.hu\/?p=30425"},"modified":"2021-11-17T11:36:33","modified_gmt":"2021-11-17T11:36:33","slug":"dontes-egy-het-mulva","status":"publish","type":"post","link":"http:\/\/archiv.szolnoktv.hu\/?p=30425","title":{"rendered":"D\u00f6nt\u00e9s egy h\u00e9t m\u00falva"},"content":{"rendered":"<div class='booster-block booster-read-block'><\/div><p>A szolnoki kist\u00e9rs\u00e9g fejl&#245;dni akar \u00e9s lehet&#245;leg egy\u00fctt. Az egy\u00fcttm&#251;k\u00f6d\u00e9s persze k\u00f6lts\u00e9gekkel is j\u00e1r, de a szorosabb kapcsolat p\u00e9ld\u00e1ul milli\u00f3kat takar\u00edthat meg, ha p\u00e9ld\u00e1ul egy\u00fctt jelenik meg a 17 telep\u00fcl\u00e9s megrendel&#245;k\u00e9nt.<br \/>\n\u00c1tgondoland\u00f3 az a terv, hogy p\u00e9ld\u00e1ul energiafogyaszt\u00f3k\u00e9nt egys\u00e9gesen jelenjen meg a szolnoki r\u00e9gi\u00f3 &#8211; javasolta a kist\u00e9rs\u00e9gi tan\u00e1cs eln\u00f6ke, Szalay Ferenc.  Az k\u00f6nnyen bel\u00e1that\u00f3, hogy egy vev&#245; kevesebb kedvezm\u00e9nyt \u00e9rhet el, mint tizenh\u00e9t. Igaz lehet ez g\u00e1zra,  elektromos \u00e1ramra, de t\u00e1vlatosan ak\u00e1r \u00e9p\u00edt&#245;anyagra vagy b\u00e1rmi m\u00e1sra. Ez\u00fcgyben m\u00e9g csak gondolkodnak.  \u00c1m az m\u00e1r egyre s\u00fcrget&#245;bb, hogy a szervezet irod\u00e1ja alb\u00e9rletb&#245;l olcs\u00f3bb k\u00f6r\u00fclm\u00e9nyek k\u00f6z\u00e9 k\u00f6lt\u00f6zz\u00f6n. A helyet Szolnok polg\u00e1rmesteri hivatala  f\u00f6laj\u00e1nlotta, de Martf&#251; sem z\u00e1rk\u00f3zik el a t\u00e1rsb\u00e9rlett&#245;l. Az\u00e9rt is mer\u00fclt ez f\u00f6l, mert n\u00e9h\u00e1nyan sokallott\u00e1k a kist\u00e9rs\u00e9gi iroda 39 milli\u00f3s k\u00f6lts\u00e9g\u00e9t, noha mind gyarapodik annak tennival\u00f3ja. Most a kist\u00e9rs\u00e9gi tan\u00e1cs k\u00f6lts\u00e9gvet\u00e9s\u00e9ben nem d\u00f6nt\u00f6ttek, azt egy h\u00e9t m\u00falva teszik  meg. Addig tiszt\u00e1z\u00f3dik, hogy a r\u00e1k\u00f3czifalvai \u00e9s a besenysz\u00f6gi szoci\u00e1lis ell\u00e1t\u00f3k sorsa mik\u00e9nt alakul, hiszen az az eg\u00e9sz t\u00e1rsul\u00e1s k\u00f6lts\u00e9gvet\u00e9s\u00e9re is kihathat. M\u00e1r most k\u00f6z\u00f6s gondolkod\u00e1st k\u00f6vetel a h\u00edr: a korm\u00e1ny j\u00f6v&#245;re megkurt\u00edtja, de ak\u00e1r meg is sz\u00fcntetheti az am\u00fagy sem b&#245;s\u00e9ges forr\u00e1sokat, amelyek a s\u00e9r\u00fclt embereket seg\u00edt&#245; t\u00e1mogat\u00f3 szolg\u00e1latok m&#251;k\u00f6d\u00e9s\u00e9hez elengedhetetlenek. Ezek a szolg\u00e1latok t\u00f6bb tucat embernek seg\u00edtettek utazni, orvoshoz jutni, bev\u00e1s\u00e1rolni, kir\u00e1ndulni. Olyan embereknek, akik egy\u00e9bk\u00e9nt tal\u00e1n m\u00e9g a lak\u00e1sukat sem hagyt\u00e1k el m\u00e1r \u00e9vek \u00f3ta. T\u00f6bb t\u00edzmilli\u00f3 fontr\u00f3l van sz\u00f3, amit ha megvon a korm\u00e1nyzat, akkor a kist\u00e9rs\u00e9g telep\u00fcl\u00e9seinek b\u00fcdzs\u00e9j\u00e9b&#245;l kell a hi\u00e1nyz\u00f3 forintokat el&#245;teremteni.<\/p>\n","protected":false},"excerpt":{"rendered":"<p>A szolnoki kist\u00e9rs\u00e9g fejl&#245;dni akar \u00e9s lehet&#245;leg egy\u00fctt. Az egy\u00fcttm&#251;k\u00f6d\u00e9s persze k\u00f6lts\u00e9gekkel is j\u00e1r, de a szorosabb kapcsolat p\u00e9ld\u00e1ul milli\u00f3kat takar\u00edthat meg, ha p\u00e9ld\u00e1ul egy\u00fctt jelenik meg a 17 telep\u00fcl\u00e9s megrendel&#245;k\u00e9nt. \u00c1tgondoland\u00f3 az a terv, hogy p\u00e9ld\u00e1ul energiafogyaszt\u00f3k\u00e9nt egys\u00e9gesen jelenjen meg a szolnoki r\u00e9gi\u00f3 &#8211; javasolta a kist\u00e9rs\u00e9gi tan\u00e1cs eln\u00f6ke, Szalay Ferenc. Az k\u00f6nnyen bel\u00e1that\u00f3, [&hellip;]<\/p>\n","protected":false},"author":2,"featured_media":0,"comment_status":"open","ping_status":"open","sticky":false,"template":"","format":"standard","meta":[],"categories":[24],"tags":[],"_links":{"self":[{"href":"http:\/\/archiv.szolnoktv.hu\/index.php?rest_route=\/wp\/v2\/posts\/30425"}],"collection":[{"href":"http:\/\/archiv.szolnoktv.hu\/index.php?rest_route=\/wp\/v2\/posts"}],"about":[{"href":"http:\/\/archiv.szolnoktv.hu\/index.php?rest_route=\/wp\/v2\/types\/post"}],"author":[{"embeddable":true,"href":"http:\/\/archiv.szolnoktv.hu\/index.php?rest_route=\/wp\/v2\/users\/2"}],"replies":[{"embeddable":true,"href":"http:\/\/archiv.szolnoktv.hu\/index.php?rest_route=%2Fwp%2Fv2%2Fcomments&post=30425"}],"version-history":[{"count":1,"href":"http:\/\/archiv.szolnoktv.hu\/index.php?rest_route=\/wp\/v2\/posts\/30425\/revisions"}],"predecessor-version":[{"id":30622,"href":"http:\/\/archiv.szolnoktv.hu\/index.php?rest_route=\/wp\/v2\/posts\/30425\/revisions\/30622"}],"wp:attachment":[{"href":"http:\/\/archiv.szolnoktv.hu\/index.php?rest_route=%2Fwp%2Fv2%2Fmedia&parent=30425"}],"wp:term":[{"taxonomy":"category","embeddable":true,"href":"http:\/\/archiv.szolnoktv.hu\/index.php?rest_route=%2Fwp%2Fv2%2Fcategories&post=30425"},{"taxonomy":"post_tag","embeddable":true,"href":"http:\/\/archiv.szolnoktv.hu\/index.php?rest_route=%2Fwp%2Fv2%2Ftags&post=30425"}],"curies":[{"name":"wp","href":"https:\/\/api.w.org\/{rel}","templated":true}]}}